{"id":960,"date":"2010-10-23T10:28:14","date_gmt":"2010-10-23T08:28:14","guid":{"rendered":"http:\/\/bibiloni.cat\/blog\/?p=960"},"modified":"2010-10-23T18:38:40","modified_gmt":"2010-10-23T16:38:40","slug":"no-titlleu-tant-si-us-plau","status":"publish","type":"post","link":"https:\/\/bibiloni.cat\/blog\/no-titlleu-tant-si-us-plau\/","title":{"rendered":"No titlleu m\u00e9s, si us plau"},"content":{"rendered":"<p>Hem arribat a un punt en qu\u00e8 no hi ha diari, de paper o digital, que cada dia no dugui en algun t\u00edtol \u2014que \u00e9s com s&#8217;hauria de dir, i no <em>titular<\/em>\u2014 la paraula <em>titllar<\/em>. Despr\u00e9s de qualsevol declaraci\u00f3 que faci un pol\u00edtic, ja tenim que &#8220;el senyor (o la senyora) Tal <em>titlla<\/em> tal o tal cosa de&#8230;&#8221;, i aqu\u00ed posau-hi l&#8217;adjectiu que vulgueu. Segons els diccionaris, <em>titllar<\/em> significa &#8220;assenyalar (alg\u00fa) amb una nota denigrant, desfavorable&#8221;. Segons aquesta definici\u00f3, es podria dir &#8220;avui m&#8217;han titllat de mentider&#8221; o &#8220;la va titllar de llepafils&#8221;, i amb aquest significat degu\u00e9 comen\u00e7ar la profusi\u00f3 de <em>titllar<\/em> als diaris. Per\u00f2 tant s&#8217;ha usat el mot i tant se n&#8217;ha abusat que ara ja es fa servir amb el simple significat de &#8216;qualificar&#8217;. Fa pocs dies he llegit a un digital de cert prestigi que &#8220;Ridao titlla les consultes de &#8216;petit assaig&#8217; per (sic) un futur refer\u00e8ndum&#8221;, i no crec que Ridao vulgui atribuir a les consultes cap &#8220;nota denigrant o desfavorable&#8221;. Hauria d&#8217;haver dit &#8220;Ridao qualifica les consultes de &#8216;petit assaig&#8217; per a un futur refer\u00e8ndum&#8221;.<\/p>\n<p>Gratant una mica en aquesta q\u00fcesti\u00f3, per\u00f2, trobarem altres sorpreses. Continua <a href=\"http:\/\/bibiloni.cat\/ambbonesparaules\/titllar.html\" target=\"_blank\">aqu\u00ed<\/a>.<\/p>\n","protected":false},"excerpt":{"rendered":"<p>Hem arribat a un punt en qu\u00e8 no hi ha diari, de paper o digital, que cada dia no dugui en algun t\u00edtol \u2014que \u00e9s com s&#8217;hauria de dir, i no titular\u2014 la paraula titllar. Despr\u00e9s de qualsevol declaraci\u00f3 que faci un pol\u00edtic, ja tenim que &#8220;el senyor (o la senyora) Tal titlla tal o [&hellip;]<\/p>\n","protected":false},"author":1,"featured_media":0,"comment_status":"open","ping_status":"open","sticky":false,"template":"","format":"standard","meta":{"_mi_skip_tracking":false,"_monsterinsights_sitenote_active":false,"_monsterinsights_sitenote_note":"","_monsterinsights_sitenote_category":0,"_s2mail":"","footnotes":""},"categories":[3],"tags":[],"class_list":["post-960","post","type-post","status-publish","format-standard","hentry","category-llengua"],"jetpack_featured_media_url":"","_links":{"self":[{"href":"https:\/\/bibiloni.cat\/blog\/wp-json\/wp\/v2\/posts\/960","targetHints":{"allow":["GET"]}}],"collection":[{"href":"https:\/\/bibiloni.cat\/blog\/wp-json\/wp\/v2\/posts"}],"about":[{"href":"https:\/\/bibiloni.cat\/blog\/wp-json\/wp\/v2\/types\/post"}],"author":[{"embeddable":true,"href":"https:\/\/bibiloni.cat\/blog\/wp-json\/wp\/v2\/users\/1"}],"replies":[{"embeddable":true,"href":"https:\/\/bibiloni.cat\/blog\/wp-json\/wp\/v2\/comments?post=960"}],"version-history":[{"count":1,"href":"https:\/\/bibiloni.cat\/blog\/wp-json\/wp\/v2\/posts\/960\/revisions"}],"predecessor-version":[{"id":961,"href":"https:\/\/bibiloni.cat\/blog\/wp-json\/wp\/v2\/posts\/960\/revisions\/961"}],"wp:attachment":[{"href":"https:\/\/bibiloni.cat\/blog\/wp-json\/wp\/v2\/media?parent=960"}],"wp:term":[{"taxonomy":"category","embeddable":true,"href":"https:\/\/bibiloni.cat\/blog\/wp-json\/wp\/v2\/categories?post=960"},{"taxonomy":"post_tag","embeddable":true,"href":"https:\/\/bibiloni.cat\/blog\/wp-json\/wp\/v2\/tags?post=960"}],"curies":[{"name":"wp","href":"https:\/\/api.w.org\/{rel}","templated":true}]}}