{"id":87,"date":"2005-09-28T17:06:51","date_gmt":"2005-09-28T15:06:51","guid":{"rendered":"http:\/\/bibiloni.net\/wordpress\/?p=87"},"modified":"2008-10-11T19:15:26","modified_gmt":"2008-10-11T18:15:26","slug":"nou-avui","status":"publish","type":"post","link":"https:\/\/bibiloni.cat\/blog\/nou-avui\/","title":{"rendered":"Nou Avui"},"content":{"rendered":"<p>Ja tenim el nou diari <em>Avui<\/em>. \u00c9s evident que amb una imatge nova i millor, diuen tamb\u00e9 que amb continguts nous i amb m\u00e9s coses noves. Ll\u00e0stima que no hagin renovat tamb\u00e9 el(s) responsable(s) de la llengua i els criteris ling\u00fc\u00edstics. Aix\u00f2 sembla que continuar\u00e0 igual. \u00c9s a dir que si un redactor decideix escriure <em>enguany<\/em>, <em>darrer<\/em>, <em>cercar <\/em>o <em>digu\u00e9<\/em>, topar\u00e0 amb l&#8217;implacable llapis vermell que li reempla\u00e7ar\u00e0 aquests mots pels que usen els ve\u00efns de l&#8217;escala del corrector. I continuar\u00e0 el <em>sisplau<\/em>, l&#8217;<em>esclar<\/em>, el <em>sigut<\/em>, el <em>recolzar el govern<\/em>, el <em>n\u00f2vio<\/em>, el <em>x\u00f2fer<\/em>, el <em>convence&#8217;l<\/em>,&#8230; I \u00e9s que els qui a comen\u00e7ament dels 80 van fer la &#8220;revoluci\u00f3&#8221; del que es va anomenar <a href=\"http:\/\/bibiloni.net\/estandard\/index.html\" target=\"_blank\"><span style=\"color: #e56701;\">catal\u00e0 light<\/span><\/a> continuen en els llocs en qu\u00e8 astutament van saber instal\u00b7lar-se, i fent la seva feina de deturpaci\u00f3 de la llengua. I els qui manen sembla que continuen sense entendre de qu\u00e8 va la hist\u00f2ria.<br \/>\nSalut al nou <em>Avui<\/em>, molta sort i gr\u00e0cies pel pdf, una meravella.<\/p>\n","protected":false},"excerpt":{"rendered":"<p>Ja tenim el nou diari Avui. \u00c9s evident que amb una imatge nova i millor, diuen tamb\u00e9 que amb continguts nous i amb m\u00e9s coses noves. Ll\u00e0stima que no hagin renovat tamb\u00e9 el(s) responsable(s) de la llengua i els criteris ling\u00fc\u00edstics. Aix\u00f2 sembla que continuar\u00e0 igual. \u00c9s a dir que si un redactor decideix escriure [&hellip;]<\/p>\n","protected":false},"author":1,"featured_media":0,"comment_status":"open","ping_status":"closed","sticky":false,"template":"","format":"standard","meta":{"_mi_skip_tracking":false,"_monsterinsights_sitenote_active":false,"_monsterinsights_sitenote_note":"","_monsterinsights_sitenote_category":0,"_s2mail":"","footnotes":""},"categories":[3],"tags":[],"class_list":["post-87","post","type-post","status-publish","format-standard","hentry","category-llengua"],"jetpack_featured_media_url":"","_links":{"self":[{"href":"https:\/\/bibiloni.cat\/blog\/wp-json\/wp\/v2\/posts\/87","targetHints":{"allow":["GET"]}}],"collection":[{"href":"https:\/\/bibiloni.cat\/blog\/wp-json\/wp\/v2\/posts"}],"about":[{"href":"https:\/\/bibiloni.cat\/blog\/wp-json\/wp\/v2\/types\/post"}],"author":[{"embeddable":true,"href":"https:\/\/bibiloni.cat\/blog\/wp-json\/wp\/v2\/users\/1"}],"replies":[{"embeddable":true,"href":"https:\/\/bibiloni.cat\/blog\/wp-json\/wp\/v2\/comments?post=87"}],"version-history":[{"count":1,"href":"https:\/\/bibiloni.cat\/blog\/wp-json\/wp\/v2\/posts\/87\/revisions"}],"predecessor-version":[{"id":555,"href":"https:\/\/bibiloni.cat\/blog\/wp-json\/wp\/v2\/posts\/87\/revisions\/555"}],"wp:attachment":[{"href":"https:\/\/bibiloni.cat\/blog\/wp-json\/wp\/v2\/media?parent=87"}],"wp:term":[{"taxonomy":"category","embeddable":true,"href":"https:\/\/bibiloni.cat\/blog\/wp-json\/wp\/v2\/categories?post=87"},{"taxonomy":"post_tag","embeddable":true,"href":"https:\/\/bibiloni.cat\/blog\/wp-json\/wp\/v2\/tags?post=87"}],"curies":[{"name":"wp","href":"https:\/\/api.w.org\/{rel}","templated":true}]}}