{"id":863,"date":"2010-02-05T00:20:13","date_gmt":"2010-02-04T22:20:13","guid":{"rendered":"http:\/\/bibiloni.cat\/blog\/?p=863"},"modified":"2010-02-05T00:20:13","modified_gmt":"2010-02-04T22:20:13","slug":"una-de-sexe-que-no-tot-ha-de-ser-serios","status":"publish","type":"post","link":"https:\/\/bibiloni.cat\/blog\/una-de-sexe-que-no-tot-ha-de-ser-serios\/","title":{"rendered":"Una de sexe (que no tot ha de ser seri\u00f3s)"},"content":{"rendered":"<p>\u00a0<\/p>\n<p><img loading=\"lazy\" decoding=\"async\" class=\"alignnone\" src=\"http:\/\/bibiloni.cat\/blog\/imatges\/benvolguda_senyora.jpg\" alt=\"\" width=\"484\" height=\"314\" \/><\/p>\n<p>\u00a0<\/p>\n<p>Diria que aquest bloguista no \u00e9s cap senyora, tot i que, si ho fos, no hi hauria res a dir, perqu\u00e8 aix\u00f2 \u00e9s una de les coses millors que es pot ser en aquest m\u00f3n. Sup\u00f2s que despr\u00e9s de trenta anys de prestar servei a la meva universitat,\u00a0 el seu aparell administratiu en t\u00e9 const\u00e0ncia, encara que la documentaci\u00f3 no sempre ho reflecteixi acuradament. Llavors un pensa que el tractament de <em>senyora<\/em> de la lletra de m\u00e9s amunt podria ser un lapsus\u00a0tingut amb la m\u00e9s santa innoc\u00e8ncia. Per\u00f2, malpensat que un arriba a ser en algun moment, no descart que darrere el lapsus, conscient o subconscient, s&#8217;hi amagui una cruel venjan\u00e7a contra el\u00a0sexe mascul\u00ed i que a mi m&#8217;ha tocat rebre. Tant de temps han estat les dones rebent lletres encap\u00e7alades per un <em>benvolgut senyor<\/em>&#8230; Doncs ara veur\u00e0s: ull per ull, dent per dent i morferma per morfema. El lapsus com a pedagogia activa en favor d&#8217;un m\u00f3n just i igualitari.<\/p>\n<p>Per\u00f2 dubto i m&#8217;ho repens tot mirant un cop i un altre el desconcertant\u00a0paper. I si la Universitat tingu\u00e9s ra\u00f3? Al cap i a la fi, no \u00e9s una instituci\u00f3 investida de la m\u00e0xima autoritat cient\u00edfica en tots els camps? Tamb\u00e9 en els afers de sexe, sup\u00f2s. Fent-li voltes i m\u00e9s voltes, trop la soluci\u00f3 que m&#8217;ha de treure del dubte: en una p\u00e0gina web del programa <em><a href=\"http:\/\/www.tv3.cat\/sexesenguerra\/\" target=\"_blank\">Sexes en guerra<\/a><\/em> veig un enlla\u00e7 il\u00b7luminador: &#8220;vols con\u00e8ixer quin sexe \u00e9s el teu?&#8221;, que et du a una p\u00e0gina en qu\u00e8\u00a0amb un simple\u00a0<a href=\"http:\/\/www.tv3.cat\/fitxaplus\/sexesenguerra\/test\/\" target=\"_blank\">test<\/a>\u00a0el m\u00e9s embullat treu el gat del sac. La broma em costa m\u00e9s de vint minuts de feina i concentraci\u00f3, per\u00f2 es veu que me&#8217;n desfaig m\u00e9s o menys b\u00e9 de totes les proves. I aquest fet \u00e9s el motiu del salom\u00f2nic veredicte, que em deixa gla\u00e7at. Home o dona? &#8220;Est\u00e0s entremig&#8221;, diu el cabr\u00f3. I l&#8217;explicaci\u00f3 que em d\u00f3na \u00e9s &#8220;Les teves habilitats m\u00e9s femenines, com les habilitats verbals, es troben compensades amb les m\u00e9s masculines, com la capacitat de visi\u00f3 espacial&#8221;. Hauria suposat que tenir habilitats diverses et fa una persona m\u00e9s completa, per\u00f2 ja veieu el drama: els homes, o presumptes homes, amb habilitats ling\u00fc\u00edstiques estam condemnats ni m\u00e9s ni pus que a la indefinici\u00f3 sexual.<\/p>\n","protected":false},"excerpt":{"rendered":"<p>\u00a0 \u00a0 Diria que aquest bloguista no \u00e9s cap senyora, tot i que, si ho fos, no hi hauria res a dir, perqu\u00e8 aix\u00f2 \u00e9s una de les coses millors que es pot ser en aquest m\u00f3n. Sup\u00f2s que despr\u00e9s de trenta anys de prestar servei a la meva universitat,\u00a0 el seu aparell administratiu en [&hellip;]<\/p>\n","protected":false},"author":1,"featured_media":0,"comment_status":"open","ping_status":"open","sticky":false,"template":"","format":"standard","meta":{"_mi_skip_tracking":false,"_monsterinsights_sitenote_active":false,"_monsterinsights_sitenote_note":"","_monsterinsights_sitenote_category":0,"_s2mail":"","footnotes":""},"categories":[6],"tags":[],"class_list":["post-863","post","type-post","status-publish","format-standard","hentry","category-el-plaer-descriure"],"jetpack_featured_media_url":"","_links":{"self":[{"href":"https:\/\/bibiloni.cat\/blog\/wp-json\/wp\/v2\/posts\/863","targetHints":{"allow":["GET"]}}],"collection":[{"href":"https:\/\/bibiloni.cat\/blog\/wp-json\/wp\/v2\/posts"}],"about":[{"href":"https:\/\/bibiloni.cat\/blog\/wp-json\/wp\/v2\/types\/post"}],"author":[{"embeddable":true,"href":"https:\/\/bibiloni.cat\/blog\/wp-json\/wp\/v2\/users\/1"}],"replies":[{"embeddable":true,"href":"https:\/\/bibiloni.cat\/blog\/wp-json\/wp\/v2\/comments?post=863"}],"version-history":[{"count":0,"href":"https:\/\/bibiloni.cat\/blog\/wp-json\/wp\/v2\/posts\/863\/revisions"}],"wp:attachment":[{"href":"https:\/\/bibiloni.cat\/blog\/wp-json\/wp\/v2\/media?parent=863"}],"wp:term":[{"taxonomy":"category","embeddable":true,"href":"https:\/\/bibiloni.cat\/blog\/wp-json\/wp\/v2\/categories?post=863"},{"taxonomy":"post_tag","embeddable":true,"href":"https:\/\/bibiloni.cat\/blog\/wp-json\/wp\/v2\/tags?post=863"}],"curies":[{"name":"wp","href":"https:\/\/api.w.org\/{rel}","templated":true}]}}