{"id":62,"date":"2005-06-19T17:19:10","date_gmt":"2005-06-19T15:19:10","guid":{"rendered":"http:\/\/bibiloni.net\/wordpress\/?p=62"},"modified":"2008-10-11T20:24:33","modified_gmt":"2008-10-11T19:24:33","slug":"el-llop-es-preocupa-per-lanyell","status":"publish","type":"post","link":"https:\/\/bibiloni.cat\/blog\/el-llop-es-preocupa-per-lanyell\/","title":{"rendered":"El llop es preocupa per l&#8217;anyell"},"content":{"rendered":"<p>El diari ultraespanyolista <em>El Mundo-El Dia de Baleares <\/em>(la versi\u00f3 mallorquina d&#8217;<em>El Mundo<\/em>) ara no passa dia que no pegui mossegada a Uni\u00f3 Mallorquina. La mosseguera li ha entrat tan fort que fins i tot ens brinda la imatge ins\u00f2lita de mostrar &#8220;preocupaci\u00f3&#8221; per la correcci\u00f3 de la llengua catalana. I aix\u00ed ahir, a la portada digital, criticava les faltes que apareixen en un <a href=\"http:\/\/www.sensemites.com\/\" target=\"_blank\"><span style=\"color: #e56701;\">web<\/span><\/a> de la Regidoria de Joventut de l&#8217;Ajuntament de Calvi\u00e0. Certament, el web \u2013biling\u00fce i sense versi\u00f3 per defecte, cosa que fa suposar que els seus responsables pensen que les dues lleng\u00fces s\u00f3n igualment pr\u00f2pies del pa\u00eds\u2013 est\u00e0 fet un poc amb els peus, i es demostra que els autors potser han aprovat quart d&#8217;ESO per\u00f2 no tenen el nivell C de catal\u00e0. De totes maneres, sup\u00f2s que despr\u00e9s de l&#8217;espolsada del rotatiu ho arreglaran. Corregir les faltes d&#8217;unes p\u00e0gines web \u00e9s molt bo de fer si hi ha bona voluntat i el mal nom\u00e9s \u00e9s conseq\u00fc\u00e8ncia d&#8217;un poc de sapastreria. Hi ha coses que seran molt m\u00e9s males d&#8217;arreglar. Com el rotatiu en q\u00fcesti\u00f3.<br \/>\nHe capturat <a href=\"http:\/\/www.bibiloni.net\/blog\/sensemites.htm\" target=\"_blank\"><span style=\"color: #e56701;\">algunes imatges<\/span><\/a> del web potiner, que penjo aqu\u00ed per a distracci\u00f3 i divertiment del personal. Hi ha expressions tan sorprenents com &#8220;et tirarem una m\u00e0&#8221; (qui ser\u00e0 el pobre infeli\u00e7 que subministrar\u00e0 l&#8217;objecte llan\u00e7at al cap dels sol\u00b7licitadors d&#8217;ajuda?). Penjo les imatges perqu\u00e8 sup\u00f2s que les faltes seran rectificades i potser a hores d&#8217;ara ja no hi s\u00f3n. \u00c9s clar que si encara hi s\u00f3n, la cosa ja \u00e9s m\u00e9s greu.<\/p>\n","protected":false},"excerpt":{"rendered":"<p>El diari ultraespanyolista El Mundo-El Dia de Baleares (la versi\u00f3 mallorquina d&#8217;El Mundo) ara no passa dia que no pegui mossegada a Uni\u00f3 Mallorquina. La mosseguera li ha entrat tan fort que fins i tot ens brinda la imatge ins\u00f2lita de mostrar &#8220;preocupaci\u00f3&#8221; per la correcci\u00f3 de la llengua catalana. I aix\u00ed ahir, a la [&hellip;]<\/p>\n","protected":false},"author":1,"featured_media":0,"comment_status":"open","ping_status":"closed","sticky":false,"template":"","format":"standard","meta":{"_mi_skip_tracking":false,"_monsterinsights_sitenote_active":false,"_monsterinsights_sitenote_note":"","_monsterinsights_sitenote_category":0,"_s2mail":"","footnotes":""},"categories":[3],"tags":[],"class_list":["post-62","post","type-post","status-publish","format-standard","hentry","category-llengua"],"jetpack_featured_media_url":"","_links":{"self":[{"href":"https:\/\/bibiloni.cat\/blog\/wp-json\/wp\/v2\/posts\/62","targetHints":{"allow":["GET"]}}],"collection":[{"href":"https:\/\/bibiloni.cat\/blog\/wp-json\/wp\/v2\/posts"}],"about":[{"href":"https:\/\/bibiloni.cat\/blog\/wp-json\/wp\/v2\/types\/post"}],"author":[{"embeddable":true,"href":"https:\/\/bibiloni.cat\/blog\/wp-json\/wp\/v2\/users\/1"}],"replies":[{"embeddable":true,"href":"https:\/\/bibiloni.cat\/blog\/wp-json\/wp\/v2\/comments?post=62"}],"version-history":[{"count":1,"href":"https:\/\/bibiloni.cat\/blog\/wp-json\/wp\/v2\/posts\/62\/revisions"}],"predecessor-version":[{"id":583,"href":"https:\/\/bibiloni.cat\/blog\/wp-json\/wp\/v2\/posts\/62\/revisions\/583"}],"wp:attachment":[{"href":"https:\/\/bibiloni.cat\/blog\/wp-json\/wp\/v2\/media?parent=62"}],"wp:term":[{"taxonomy":"category","embeddable":true,"href":"https:\/\/bibiloni.cat\/blog\/wp-json\/wp\/v2\/categories?post=62"},{"taxonomy":"post_tag","embeddable":true,"href":"https:\/\/bibiloni.cat\/blog\/wp-json\/wp\/v2\/tags?post=62"}],"curies":[{"name":"wp","href":"https:\/\/api.w.org\/{rel}","templated":true}]}}