{"id":60,"date":"2005-06-14T15:05:46","date_gmt":"2005-06-14T13:05:46","guid":{"rendered":"http:\/\/bibiloni.net\/wordpress\/?p=60"},"modified":"2008-10-11T20:26:32","modified_gmt":"2008-10-11T19:26:32","slug":"banyuts-i-aguantant-lespelma","status":"publish","type":"post","link":"https:\/\/bibiloni.cat\/blog\/banyuts-i-aguantant-lespelma\/","title":{"rendered":"Banyuts i aguantant l&#8217;espelma"},"content":{"rendered":"<p>Josep Bargall\u00f3 ha dit que \u00e9s un &#8220;pas hist\u00f2ric&#8221;; Moratinos, que \u00e9s &#8220;el mejor regalo que nos pod\u00edan hacer nuestros socios europeos&#8221;; i Montilla, que hem avan\u00e7at m\u00e9s ara que en els famosos vint-i-tres anys. Tots estan feli\u00e7os. Per\u00f2 feli\u00e7os de qu\u00e8? El mateix dia que l&#8217;irland\u00e8s \u00e9s reconegut com a llengua oficial i de treball de la Uni\u00f3 (i aix\u00ed en s\u00f3n vint-i-una), els tretze milions d&#8217;europeus que som els catalans hem rebut una humiliaci\u00f3. Perqu\u00e8 el que ens han donat \u00e9s una humiliaci\u00f3 i un insult. Si un diputat catal\u00e0 t\u00e9 l&#8217;acudit de parlar catal\u00e0 a l&#8217;europarlament, que ho demani al govern del seu Estat amb una setmana d&#8217;antelaci\u00f3 i aquest s&#8217;encarregar\u00e0 \u2013o no\u2013 de muntar el n\u00famero; i si alg\u00fa vol adre\u00e7ar-se en catal\u00e0 a les institucions europees que s&#8217;adreci primer al govern espanyol i aquest far\u00e0 \u2013o no\u2013 una traducci\u00f3 a l&#8217;espanyol, que ser\u00e0 la que anir\u00e0 a Europa. A m\u00e9s, l&#8217;almoina no es d\u00f3na a la llengua catalana o als catalanoparlants, sin\u00f3 nom\u00e9s als qui siguin ciutadans de l&#8217;Estat espanyol: els andorrans o catalans del nord no podran fer cap \u00fas d&#8217;aquesta llengua, que ara rep una nova i curiosa etiqueta (llengua addicional). Quina classe de col\u00b7lapse mental pegaria als espanyols si la seva llengua reb\u00e9s un tractament aix\u00ed? Per\u00f2 la humiliaci\u00f3 als catalans \u00e9s m\u00e9s humiliaci\u00f3 perqu\u00e8, de m\u00e9s a m\u00e9s, els pol\u00edtics que ens ha tocat en sort tenen la barra d&#8217;insultar la intel\u00b7lig\u00e8ncia fent passar per vict\u00f2ria el resultat pen\u00f3s de la seva inoper\u00e0ncia o la baixesa de les seves aspiracions.<br \/>\nNo es pot acusar sense proves, i, per tant, no far\u00e9 exactament una acusaci\u00f3. Per\u00f2 s\u00ed que es pot sospitar sense proves, per la qual cosa sospitar\u00e9, en veu alta, que el Govern espanyol no ha posat gens d&#8217;inter\u00e8s en la defensa del catal\u00e0 a la Uni\u00f3 Europea. Si ha demostrat amb escreix la repulsi\u00f3 que li fa l&#8217;\u00fas del catal\u00e0 a les institucions espanyoles, com \u00e9s cre\u00efble que vulgui promoure aquesta llengua a fora de l&#8217;Estat? I quin pat\u00e8tic favor que ha fet al catal\u00e0 presentant-lo als europeus com una cosa conflictiva i estranya que ni tan sols t\u00e9 un nom reconegut. Perqu\u00e8 la brometa aquesta de catal\u00e0\/valenci\u00e0, amics meus, \u00e9s una vertadera agressi\u00f3 a la (unitat de la) llengua, per molt d&#8217;entusiasme que aix\u00f2 desperti en alguns compatriotes desorientats.<br \/>\nContinuam essent la gran anomalia europea. Per\u00f2 ara amb <em>recochineo<\/em>.<\/p>\n","protected":false},"excerpt":{"rendered":"<p>Josep Bargall\u00f3 ha dit que \u00e9s un &#8220;pas hist\u00f2ric&#8221;; Moratinos, que \u00e9s &#8220;el mejor regalo que nos pod\u00edan hacer nuestros socios europeos&#8221;; i Montilla, que hem avan\u00e7at m\u00e9s ara que en els famosos vint-i-tres anys. Tots estan feli\u00e7os. Per\u00f2 feli\u00e7os de qu\u00e8? El mateix dia que l&#8217;irland\u00e8s \u00e9s reconegut com a llengua oficial i de [&hellip;]<\/p>\n","protected":false},"author":1,"featured_media":0,"comment_status":"open","ping_status":"closed","sticky":false,"template":"","format":"standard","meta":{"_mi_skip_tracking":false,"_monsterinsights_sitenote_active":false,"_monsterinsights_sitenote_note":"","_monsterinsights_sitenote_category":0,"_s2mail":"","footnotes":""},"categories":[3],"tags":[],"class_list":["post-60","post","type-post","status-publish","format-standard","hentry","category-llengua"],"jetpack_featured_media_url":"","_links":{"self":[{"href":"https:\/\/bibiloni.cat\/blog\/wp-json\/wp\/v2\/posts\/60","targetHints":{"allow":["GET"]}}],"collection":[{"href":"https:\/\/bibiloni.cat\/blog\/wp-json\/wp\/v2\/posts"}],"about":[{"href":"https:\/\/bibiloni.cat\/blog\/wp-json\/wp\/v2\/types\/post"}],"author":[{"embeddable":true,"href":"https:\/\/bibiloni.cat\/blog\/wp-json\/wp\/v2\/users\/1"}],"replies":[{"embeddable":true,"href":"https:\/\/bibiloni.cat\/blog\/wp-json\/wp\/v2\/comments?post=60"}],"version-history":[{"count":1,"href":"https:\/\/bibiloni.cat\/blog\/wp-json\/wp\/v2\/posts\/60\/revisions"}],"predecessor-version":[{"id":585,"href":"https:\/\/bibiloni.cat\/blog\/wp-json\/wp\/v2\/posts\/60\/revisions\/585"}],"wp:attachment":[{"href":"https:\/\/bibiloni.cat\/blog\/wp-json\/wp\/v2\/media?parent=60"}],"wp:term":[{"taxonomy":"category","embeddable":true,"href":"https:\/\/bibiloni.cat\/blog\/wp-json\/wp\/v2\/categories?post=60"},{"taxonomy":"post_tag","embeddable":true,"href":"https:\/\/bibiloni.cat\/blog\/wp-json\/wp\/v2\/tags?post=60"}],"curies":[{"name":"wp","href":"https:\/\/api.w.org\/{rel}","templated":true}]}}