{"id":59,"date":"2005-06-11T12:24:17","date_gmt":"2005-06-11T10:24:17","guid":{"rendered":"http:\/\/bibiloni.net\/wordpress\/?p=59"},"modified":"2008-10-11T20:27:26","modified_gmt":"2008-10-11T19:27:26","slug":"avl-pacte-de-qui-amb-qui","status":"publish","type":"post","link":"https:\/\/bibiloni.cat\/blog\/avl-pacte-de-qui-amb-qui\/","title":{"rendered":"AVL: pacte, de qui amb qui?"},"content":{"rendered":"<p><img loading=\"lazy\" decoding=\"async\" src=\"http:\/\/www.bibiloni.net\/blog\/imatges\/zaplana.jpg\" border=\"0\" alt=\"\" hspace=\"12\" vspace=\"10\" width=\"190\" height=\"234\" align=\"left\" \/>Quan es va crear l\u2019Acad\u00e8mia Valenciana de la Llengua el primer que vaig fer va ser comptar. Tants d\u2019aquesta banda i tants de l\u2019altra. I, quasi euf\u00f2ric, vaig pensar que tot estava arreglat. Vaig pensar que l\u2019 \u201caclaparadora majoria\u201d dels \u201cbons\u201d farien el que haurien de fer, que per aix\u00f2 eren bons: proclamar que el valenci\u00e0 \u00e9s una varietat dialectal del catal\u00e0, assumir la normativa que sempre havien assumit els valencians usadors de la llengua, i tancar el problema. I em demanava com Zaplana i els seus consentien aquella liquidaci\u00f3.<br \/>\nAmb el temps passat i els fets esdevinguts, \u00e9s clar que Zaplana i els seus ja sabien el que feien (potser no ho sabien els c\u00f2mplices principatins, sembla que decisius en aquesta hist\u00f2ria). Perqu\u00e8 la llengua catalana els importa un rave (als primers, vull dir). Un bon rave els importa tant la unitat com la diversitat, tant la normativa d\u2019uns com la dels altres. La llengua nom\u00e9s els interessa en tant que pot ser una eina generadora de conflicte del qual ells en puguin treure profit electoral. Llan\u00e7ats de ple a l\u2019aventura segregadora, si no queda m\u00e9s remei que acceptar la te\u00f2rica unitat de la llengua, sistema, diasistema o el que sigui, no passa res: embolicaran amb la normativa. I si no queda m\u00e9s remei que acceptar una normativa m\u00ednimament unificada, no passa res: embolicaran amb el nom. La q\u00fcesti\u00f3 \u00e9s tenir sempre quelcom amb qu\u00e8 embolicar la troca. I l\u2019AVL no sols no ha desfet tot el muntatge esquarterador \u2013com hauria pogut fer en un moment, encara que fos la darrera cosa que fes\u2013 sin\u00f3 que s\u2019ha convertit en un agent prove\u00efdor d\u2019arguments a la causa secessionista, arguments ara revestits d\u2019autoritat cient\u00edfica. La mateixa exist\u00e8ncia d\u2019una acad\u00e8mia d\u2019una presumpta llengua ja \u00e9s un element disgregador. Per\u00f2, a m\u00e9s, aquesta acad\u00e8mia ha fet que el secessionisme matusser hagi estat substitu\u00eft per un secessionisme docte, evidentment molt m\u00e9s \u00fatil. La deriva dialectalista de l\u2019ens engrandeix la clivella interior de la llengua, cosa que fa m\u00e9s inviable el funcionament de la comunitat ling\u00fc\u00edstica en el seu conjunt i l\u2019assoliment d\u2019un model \u201cexterior\u201d de catal\u00e0 (per a usar a Madrid o Brussel\u00b7les). Les t\u00edmides refer\u00e8ncies al nom de catal\u00e0 resten insignificants i marginals al costat de la contundent defensa del nom de <em>valenci\u00e0 <\/em>i de l\u2019encaparrotament amb l\u2019abs\u00e8ncia d\u2019un nom general v\u00e0lid. Malgrat algunes assercions doctrinals sobre la unitat de la llengua, situades a un discret segon o tercer pla, la dialectalitzaci\u00f3 i l&#8217;obstrucci\u00f3 onom\u00e0stica practicades per l&#8217;acad\u00e8mia s\u00f3n un bagatge prou \u00fatil \u2013dir\u00edem que suficient\u2013 per al bon funcionament dels projectes dels malfactors. I, d&#8217;altra banda, el m\u00ednim de correcci\u00f3 cient\u00edfica (unitat ling\u00fc\u00edstica entre circumloquis i normativa marc no discutida) garanteixen la tranquil\u00b7litat de les consci\u00e8ncies dels acad\u00e8mics. Aquesta \u00e9s la jugada i tothom content. Aquest \u00e9s el pacte.<br \/>\n\u00c9s a dir que la cosa \u00e9s molt m\u00e9s complexa que all\u00f2 dels setze contra sis. Les declaracions recents de Jordi Colomina (en <a href=\"http:\/\/www.levante-emv.com\/secciones\/noticia.jsp?pIdNoticia=113382&amp;pIndiceNoticia=0&amp;pIdSeccion=18&amp;pNumEjemplar=2813&amp;\" target=\"_blank\"><span style=\"color: #e56701;\">aquesta entrevista<\/span><\/a> i en <a href=\"http:\/\/www.levante-emv.es\/secciones\/noticia.jsp?pIdNoticia=114222&amp;pIndiceNoticia=8&amp;pIdSeccion=5\" target=\"_blank\"><span style=\"color: #e56701;\">aquest article<\/span><\/a>) parlant de <em>sobirania ling\u00fc\u00edstica dels valencians <\/em>i proposant un nou ens normatiu per a les Balears s\u00f3n prou il\u00b7lustratives. L&#8217;AVL \u00e9s un joc complicat de postures responsables, hipot\u00e8tics pragmatismes, interessos personals, vanitats i butxaques. I a la porta una llarga cua per a entrar. En qualsevol cas, l&#8217;AVL no ha vingut a resoldre un problema, sin\u00f3 a crear-lo. En Zaplana ho va fer b\u00e9. I el gran perjudicat, com sempre, la llengua i el pa\u00eds.<\/p>\n","protected":false},"excerpt":{"rendered":"<p>Quan es va crear l\u2019Acad\u00e8mia Valenciana de la Llengua el primer que vaig fer va ser comptar. Tants d\u2019aquesta banda i tants de l\u2019altra. I, quasi euf\u00f2ric, vaig pensar que tot estava arreglat. Vaig pensar que l\u2019 \u201caclaparadora majoria\u201d dels \u201cbons\u201d farien el que haurien de fer, que per aix\u00f2 eren bons: proclamar que el [&hellip;]<\/p>\n","protected":false},"author":1,"featured_media":0,"comment_status":"open","ping_status":"closed","sticky":false,"template":"","format":"standard","meta":{"_mi_skip_tracking":false,"_monsterinsights_sitenote_active":false,"_monsterinsights_sitenote_note":"","_monsterinsights_sitenote_category":0,"_s2mail":"","footnotes":""},"categories":[3],"tags":[],"class_list":["post-59","post","type-post","status-publish","format-standard","hentry","category-llengua"],"jetpack_featured_media_url":"","_links":{"self":[{"href":"https:\/\/bibiloni.cat\/blog\/wp-json\/wp\/v2\/posts\/59","targetHints":{"allow":["GET"]}}],"collection":[{"href":"https:\/\/bibiloni.cat\/blog\/wp-json\/wp\/v2\/posts"}],"about":[{"href":"https:\/\/bibiloni.cat\/blog\/wp-json\/wp\/v2\/types\/post"}],"author":[{"embeddable":true,"href":"https:\/\/bibiloni.cat\/blog\/wp-json\/wp\/v2\/users\/1"}],"replies":[{"embeddable":true,"href":"https:\/\/bibiloni.cat\/blog\/wp-json\/wp\/v2\/comments?post=59"}],"version-history":[{"count":1,"href":"https:\/\/bibiloni.cat\/blog\/wp-json\/wp\/v2\/posts\/59\/revisions"}],"predecessor-version":[{"id":586,"href":"https:\/\/bibiloni.cat\/blog\/wp-json\/wp\/v2\/posts\/59\/revisions\/586"}],"wp:attachment":[{"href":"https:\/\/bibiloni.cat\/blog\/wp-json\/wp\/v2\/media?parent=59"}],"wp:term":[{"taxonomy":"category","embeddable":true,"href":"https:\/\/bibiloni.cat\/blog\/wp-json\/wp\/v2\/categories?post=59"},{"taxonomy":"post_tag","embeddable":true,"href":"https:\/\/bibiloni.cat\/blog\/wp-json\/wp\/v2\/tags?post=59"}],"curies":[{"name":"wp","href":"https:\/\/api.w.org\/{rel}","templated":true}]}}