{"id":51,"date":"2005-05-09T22:07:54","date_gmt":"2005-05-09T20:07:54","guid":{"rendered":"http:\/\/bibiloni.net\/wordpress\/?p=51"},"modified":"2008-10-11T20:42:34","modified_gmt":"2008-10-11T19:42:34","slug":"no-hay-prisa","status":"publish","type":"post","link":"https:\/\/bibiloni.cat\/blog\/no-hay-prisa\/","title":{"rendered":"No hay prisa"},"content":{"rendered":"<p><img loading=\"lazy\" decoding=\"async\" src=\"http:\/\/www.bibiloni.net\/blog\/imatges\/elena.jpg\" border=\"0\" alt=\"\" hspace=\"12\" vspace=\"10\" width=\"76\" height=\"136\" align=\"left\" \/><br \/>\nFelipe de Borb\u00f3n ha dit avui mateix a Palma que per a la reforma legal que ha d\u2019equiparar homes i dones en la successi\u00f3 al tron \u201c<em>no hay prisa<\/em>\u201d perqu\u00e8 encara \u201c<em>hay una generaci\u00f3n de por medio<\/em>\u201d. No s\u00e9 quin nivell d\u2019an\u00e0lisi faran d\u2019aquesta frase els especialistes aquests pr\u00f2xims dies a la premsa, per\u00f2, segons com es miri, la cosa toca algun voraviu. Perqu\u00e8 vejam: si es fa aquesta reforma legal deu ser perqu\u00e8 la igualtat entre sexes \u00e9s una q\u00fcesti\u00f3 de just\u00edcia i no per altra cosa. Si \u00e9s aix\u00ed, quin sentit t\u00e9 no aplicar la just\u00edcia a partir d\u2019ara mateix, tenint en compte que aquest senyor encara no \u00e9s cap d\u2019Estat i encara li manca temps per a ser-ho? M\u00e9s: si ara es reform\u00e0s la Constituci\u00f3 espanyola i s\u2019establ\u00eds que l\u2019hereu de la Corona ha de ser el primog\u00e8nit sense tenir en compte el sexe, i sense establir cap altra afegit\u00f3, a la mort o abdicaci\u00f3 de l\u2019actual rei d\u2019Espanya, constituci\u00f3 en m\u00e0 qui hauria de ser el successor? Perqu\u00e8 la successi\u00f3 es produiria en un moment de plena vig\u00e8ncia de la nova norma de la Constituci\u00f3 i aquesta est\u00e0 per damunt qualsevol altra disposici\u00f3 o voluntat pr\u00e8vies. Per tant, \u00e9s obvi que la reforma projectada ja assegurar\u00e0 el tron per a Felipe; \u00e9s a dir que es far\u00e0 una llei per a establir la igualtat entre persones que fixar\u00e0 una excepci\u00f3 per a una persona. Una cosa tan coherent democr\u00e0ticament com tot el muntatge. Per\u00f2 els mon\u00e0rquics no haurien de deixar de fer-se la pregunta de m\u00e9s amunt: la reforma aquesta es far\u00e0 perqu\u00e8 la igualtat de sexes \u00e9s una q\u00fcesti\u00f3 de just\u00edcia o no? I tamb\u00e9 se l\u2019hauria de fer el qui sembla haver declarat avui que el principi d\u2019igualtat li sembla molt b\u00e9 mentre no l\u2019apliquin a ell.<\/p>\n","protected":false},"excerpt":{"rendered":"<p>Felipe de Borb\u00f3n ha dit avui mateix a Palma que per a la reforma legal que ha d\u2019equiparar homes i dones en la successi\u00f3 al tron \u201cno hay prisa\u201d perqu\u00e8 encara \u201chay una generaci\u00f3n de por medio\u201d. No s\u00e9 quin nivell d\u2019an\u00e0lisi faran d\u2019aquesta frase els especialistes aquests pr\u00f2xims dies a la premsa, per\u00f2, segons [&hellip;]<\/p>\n","protected":false},"author":1,"featured_media":0,"comment_status":"open","ping_status":"closed","sticky":false,"template":"","format":"standard","meta":{"_mi_skip_tracking":false,"_monsterinsights_sitenote_active":false,"_monsterinsights_sitenote_note":"","_monsterinsights_sitenote_category":0,"_s2mail":"","footnotes":""},"categories":[1],"tags":[],"class_list":["post-51","post","type-post","status-publish","format-standard","hentry","category-varia"],"jetpack_featured_media_url":"","_links":{"self":[{"href":"https:\/\/bibiloni.cat\/blog\/wp-json\/wp\/v2\/posts\/51","targetHints":{"allow":["GET"]}}],"collection":[{"href":"https:\/\/bibiloni.cat\/blog\/wp-json\/wp\/v2\/posts"}],"about":[{"href":"https:\/\/bibiloni.cat\/blog\/wp-json\/wp\/v2\/types\/post"}],"author":[{"embeddable":true,"href":"https:\/\/bibiloni.cat\/blog\/wp-json\/wp\/v2\/users\/1"}],"replies":[{"embeddable":true,"href":"https:\/\/bibiloni.cat\/blog\/wp-json\/wp\/v2\/comments?post=51"}],"version-history":[{"count":2,"href":"https:\/\/bibiloni.cat\/blog\/wp-json\/wp\/v2\/posts\/51\/revisions"}],"predecessor-version":[{"id":595,"href":"https:\/\/bibiloni.cat\/blog\/wp-json\/wp\/v2\/posts\/51\/revisions\/595"}],"wp:attachment":[{"href":"https:\/\/bibiloni.cat\/blog\/wp-json\/wp\/v2\/media?parent=51"}],"wp:term":[{"taxonomy":"category","embeddable":true,"href":"https:\/\/bibiloni.cat\/blog\/wp-json\/wp\/v2\/categories?post=51"},{"taxonomy":"post_tag","embeddable":true,"href":"https:\/\/bibiloni.cat\/blog\/wp-json\/wp\/v2\/tags?post=51"}],"curies":[{"name":"wp","href":"https:\/\/api.w.org\/{rel}","templated":true}]}}