{"id":46,"date":"2005-05-02T15:25:55","date_gmt":"2005-05-02T13:25:55","guid":{"rendered":"http:\/\/bibiloni.net\/wordpress\/?p=46"},"modified":"2008-10-11T20:48:35","modified_gmt":"2008-10-11T19:48:35","slug":"ib3-primer-aplaudiment","status":"publish","type":"post","link":"https:\/\/bibiloni.cat\/blog\/ib3-primer-aplaudiment\/","title":{"rendered":"IB3, primer aplaudiment"},"content":{"rendered":"<p><img loading=\"lazy\" decoding=\"async\" src=\"http:\/\/www.bibiloni.net\/blog\/imatges\/ib3.jpg\" border=\"0\" alt=\"\" hspace=\"12\" vspace=\"10\" width=\"122\" height=\"71\" align=\"left\" \/><br \/>\nUn aplaudiment que amb tota probabilitat anir\u00e0 barrejat amb moltes cr\u00edtiques, algunes ja formulades, per\u00f2 per moltes que siguin aquestes, no haur\u00edem de perdre mai l\u2019objectivitat i donar a cadasc\u00fa all\u00f2 que \u00e9s seu. L\u2019aplaudiment \u00e9s per al model de llengua dels informatius que IB3 avui ha estrenat. Ni modalitats ni un llamp forcat: els informatius de la nova TV de les Illes Balears han arrancat amb un catal\u00e0 perfectament normal, normatiu i correcte, amb els bells accents de cada una de les illes, un catal\u00e0 que si un dia \u201cs\u2019implant\u00e0s\u201d a un informatiu de TV3, molta de gent a penes s\u2019adonaria del canvi. Els dos presentadors, Jordi Calleja i Esther Matutes, tenen una pron\u00fancia magn\u00edfica, igual que el presentador dels esports, la dona del temps i altres (hi ha, per\u00f2, casos dissonants). L\u2019aplaudiment m\u00e9s que pel producte, que no \u00e9s perfecte, \u00e9s per l\u2019enfocament i la intenci\u00f3, que estan ben encaminats. Perqu\u00e8 si l\u2019enfocament \u00e9s bo, el producte pot anar millorant. I els informatius d\u2019IB3 podran ser un model i mirall per a altres canals insulars \u2013les televisons locals o una cosa aix\u00ed\u2013, alguns d\u2019ells, avui per avui, ling\u00fc\u00edsticament esgarriats del tot.<br \/>\nLamentablement aquest model de llengua nom\u00e9s el podrem sentir en els informatius i algun altre programa a\u00efllat. Per\u00f2 aix\u00ed i tot, despr\u00e9s d\u2019alguns presagis que havien pres cos, t\u00e9 el seu m\u00e8rit i jo els el reconec obertament.<\/p>\n<p><span style=\"font-size: xx-small;\">Articles relacionats:<br \/>\n<a href=\"http:\/\/www.bibiloni.net\/blog\/archives\/00000031.html\"><span style=\"color: #e56701;\">Aturau aquest monstre<\/span><\/a><br \/>\n<a href=\"http:\/\/www.bibiloni.net\/blog\/archives\/00000032.html\"><span style=\"color: #e56701;\">Es pot esperar tot<\/span><\/a><br \/>\nVegeu tamb\u00e9 els articles <a href=\"http:\/\/www.bibiloni.net\/textos\/galeria_horrors.htm\" target=\"_blank\"><span style=\"color: #e56701;\">IB3 R\u00e0dio, galeria dels horrors ling\u00fc\u00edstics<\/span><\/a> i <a href=\"http:\/\/www.bibiloni.net\/textos\/ib3_tv.htm\" target=\"_blank\"><span style=\"color: #e56701;\">IB3, primer aplaudiment<\/span><\/a>, publicats al Diari de Balears<\/span><\/p>\n","protected":false},"excerpt":{"rendered":"<p>Un aplaudiment que amb tota probabilitat anir\u00e0 barrejat amb moltes cr\u00edtiques, algunes ja formulades, per\u00f2 per moltes que siguin aquestes, no haur\u00edem de perdre mai l\u2019objectivitat i donar a cadasc\u00fa all\u00f2 que \u00e9s seu. L\u2019aplaudiment \u00e9s per al model de llengua dels informatius que IB3 avui ha estrenat. Ni modalitats ni un llamp forcat: els [&hellip;]<\/p>\n","protected":false},"author":1,"featured_media":0,"comment_status":"open","ping_status":"closed","sticky":false,"template":"","format":"standard","meta":{"_mi_skip_tracking":false,"_monsterinsights_sitenote_active":false,"_monsterinsights_sitenote_note":"","_monsterinsights_sitenote_category":0,"_s2mail":"","footnotes":""},"categories":[3,13],"tags":[],"class_list":["post-46","post","type-post","status-publish","format-standard","hentry","category-llengua","category-media"],"jetpack_featured_media_url":"","_links":{"self":[{"href":"https:\/\/bibiloni.cat\/blog\/wp-json\/wp\/v2\/posts\/46","targetHints":{"allow":["GET"]}}],"collection":[{"href":"https:\/\/bibiloni.cat\/blog\/wp-json\/wp\/v2\/posts"}],"about":[{"href":"https:\/\/bibiloni.cat\/blog\/wp-json\/wp\/v2\/types\/post"}],"author":[{"embeddable":true,"href":"https:\/\/bibiloni.cat\/blog\/wp-json\/wp\/v2\/users\/1"}],"replies":[{"embeddable":true,"href":"https:\/\/bibiloni.cat\/blog\/wp-json\/wp\/v2\/comments?post=46"}],"version-history":[{"count":1,"href":"https:\/\/bibiloni.cat\/blog\/wp-json\/wp\/v2\/posts\/46\/revisions"}],"predecessor-version":[{"id":601,"href":"https:\/\/bibiloni.cat\/blog\/wp-json\/wp\/v2\/posts\/46\/revisions\/601"}],"wp:attachment":[{"href":"https:\/\/bibiloni.cat\/blog\/wp-json\/wp\/v2\/media?parent=46"}],"wp:term":[{"taxonomy":"category","embeddable":true,"href":"https:\/\/bibiloni.cat\/blog\/wp-json\/wp\/v2\/categories?post=46"},{"taxonomy":"post_tag","embeddable":true,"href":"https:\/\/bibiloni.cat\/blog\/wp-json\/wp\/v2\/tags?post=46"}],"curies":[{"name":"wp","href":"https:\/\/api.w.org\/{rel}","templated":true}]}}