{"id":411,"date":"2008-06-04T21:47:43","date_gmt":"2008-06-04T20:47:43","guid":{"rendered":"http:\/\/bibiloni.cat\/blog\/?p=411"},"modified":"2008-06-04T23:26:16","modified_gmt":"2008-06-04T22:26:16","slug":"amb-bones-paraules","status":"publish","type":"post","link":"https:\/\/bibiloni.cat\/blog\/amb-bones-paraules\/","title":{"rendered":"Amb bones paraules"},"content":{"rendered":"<p><img loading=\"lazy\" decoding=\"async\" style=\"width: 163px; height: 207px\" height=\"207\" src=\"http:\/\/bibiloni.cat\/ambbonesparaules\/maduixes.jpg\" width=\"163\" \/>Dia\u00a024 del mes passat vaig comen\u00e7ar una col\u00b7laboraci\u00f3 \u2014<em>Amb bones paraules<\/em>\u2014 en el <em>Diari de Balears<\/em>, en el g\u00e8nere anomenat <em>conversa filol\u00f2gica<\/em>, \u00e9s a dir, articles que tracten sobre una paraula o una q\u00fcesti\u00f3 de llengua. Un g\u00e8nere ja cl\u00e0ssic en el nostre pa\u00eds. Cada dissabte hi haur\u00e0 una conversa d&#8217;aquestes a <em>l&#8217;Espira<\/em>, el suplement de cultura del Balears. Del diari m&#8217;han dit que aquest suplement es penjar\u00e0 al <a title=\"Diari de Balears\" href=\"http:\/\/dbalears.cat\" target=\"_blank\">web<\/a> en format pdf, per\u00f2 de moment encara no hi \u00e9s. Jo tamb\u00e9 els penjar\u00e9 en <a title=\"Amb bones paraules\" href=\"http:\/\/bibiloni.cat\/ambbonesparaules\" target=\"_blank\">aquesta p\u00e0gina<\/a> aix\u00ed com es vagin publicant, en pdf i en html. A l&#8217;espera dels pdf del Balears, he posat un pdf casol\u00e0 i provisional. Ah, i com que els dissenyadors del diari m&#8217;il\u00b7lustren els articles amb fruita saborosa, aqu\u00ed tamb\u00e9 li hem pegat de fruita, que ser\u00e0 com una icona de la secci\u00f3.<\/p>\n","protected":false},"excerpt":{"rendered":"<p>Dia\u00a024 del mes passat vaig comen\u00e7ar una col\u00b7laboraci\u00f3 \u2014Amb bones paraules\u2014 en el Diari de Balears, en el g\u00e8nere anomenat conversa filol\u00f2gica, \u00e9s a dir, articles que tracten sobre una paraula o una q\u00fcesti\u00f3 de llengua. Un g\u00e8nere ja cl\u00e0ssic en el nostre pa\u00eds. Cada dissabte hi haur\u00e0 una conversa d&#8217;aquestes a l&#8217;Espira, el suplement [&hellip;]<\/p>\n","protected":false},"author":1,"featured_media":0,"comment_status":"open","ping_status":"open","sticky":false,"template":"","format":"standard","meta":{"_mi_skip_tracking":false,"_monsterinsights_sitenote_active":false,"_monsterinsights_sitenote_note":"","_monsterinsights_sitenote_category":0,"_s2mail":"","footnotes":""},"categories":[3],"tags":[],"class_list":["post-411","post","type-post","status-publish","format-standard","hentry","category-llengua"],"jetpack_featured_media_url":"","_links":{"self":[{"href":"https:\/\/bibiloni.cat\/blog\/wp-json\/wp\/v2\/posts\/411","targetHints":{"allow":["GET"]}}],"collection":[{"href":"https:\/\/bibiloni.cat\/blog\/wp-json\/wp\/v2\/posts"}],"about":[{"href":"https:\/\/bibiloni.cat\/blog\/wp-json\/wp\/v2\/types\/post"}],"author":[{"embeddable":true,"href":"https:\/\/bibiloni.cat\/blog\/wp-json\/wp\/v2\/users\/1"}],"replies":[{"embeddable":true,"href":"https:\/\/bibiloni.cat\/blog\/wp-json\/wp\/v2\/comments?post=411"}],"version-history":[{"count":0,"href":"https:\/\/bibiloni.cat\/blog\/wp-json\/wp\/v2\/posts\/411\/revisions"}],"wp:attachment":[{"href":"https:\/\/bibiloni.cat\/blog\/wp-json\/wp\/v2\/media?parent=411"}],"wp:term":[{"taxonomy":"category","embeddable":true,"href":"https:\/\/bibiloni.cat\/blog\/wp-json\/wp\/v2\/categories?post=411"},{"taxonomy":"post_tag","embeddable":true,"href":"https:\/\/bibiloni.cat\/blog\/wp-json\/wp\/v2\/tags?post=411"}],"curies":[{"name":"wp","href":"https:\/\/api.w.org\/{rel}","templated":true}]}}