{"id":399,"date":"2008-05-08T21:50:45","date_gmt":"2008-05-08T20:50:45","guid":{"rendered":"http:\/\/bibiloni.cat\/blog\/?p=399"},"modified":"2008-10-11T21:30:12","modified_gmt":"2008-10-11T20:30:12","slug":"nous-noms-per-als-carrers-de-palma","status":"publish","type":"post","link":"https:\/\/bibiloni.cat\/blog\/nous-noms-per-als-carrers-de-palma\/","title":{"rendered":"Nous noms per als carrers de Palma"},"content":{"rendered":"<p>Avui han estat presentats en confer\u00e8ncia de premsa. Un centenar de noves denominacions s&#8217;incorporen al nomencl\u00e0tor (76 vies canvien de nom i apareixen 32 noms nous per a vies que encara no en tenien). A m\u00e9s,\u00a0una cinquantena de\u00a0vies, sense canviar de nom,\u00a0experimenten canvis en la forma d&#8217;aquest, ja sigui per a esmenar errors ling\u00fc\u00edstics, per\u00a0a recuperar una forma tradicional o per aplicaci\u00f3 de criteris de coher\u00e8ncia en la forma.<\/p>\n<p>Amb aquesta mesura, entren en el nomencl\u00e0tor de la ciutat personatges illencs com Josep Meli\u00e0, \u00c0lvar Campaner, Antoni Montis, Dami\u00e0 Huguet, Francesc d&#8217;Olesa, Guillem Colom (el ge\u00f2leg), Guillem Cifre de Colonya, Guillem d&#8217;Efak, Jeroni de Berard, Joan Mascar\u00f3 i Forn\u00e9s, Joan Rossell\u00f3 de Son Fortesa, Josep Maria Palau i Camps, Josep de Togores, Mari\u00e0 Villang\u00f3mez, Miquel \u00c0ngel Colomar, Miquel \u00c0ngel Riera, Miquel Dol\u00e7, etc.; personatges de la cultura del nostre \u00e0mbit com Joan Fuster, Prat de la Riba, Pompeu Fabra, Rovira i Virgili o Valent\u00ed Almirall; personatges hist\u00f2rics com el rei Mart\u00ed (l&#8217;Hum\u00e0) o Alfons el Magn\u00e0nim; personatges de la cultura universal com George Orwell, Newton o Galileu; personatges estrangers vinculats a Mallorca com\u00a0Georges Bernanos, George Sand o Gaston Vuillier.<\/p>\n<p>Recuperen la forma original, que mai no havien d&#8217;haver perdut, el carrer del Banc de l&#8217;Oli, la pla\u00e7a d&#8217;en Coll, el carrer de Sant Francesc o la pla\u00e7a de la Llotja, per posar nom\u00e9s uns quants exemples. Altres denominacions adopten una forma m\u00e9s racional, com el carrer del Bisbe Miralles (en lloc de carrer de l&#8217;Arquebisbe Josep Miralles). I alguns top\u00f2nims corresponents a antigues possessions ara seran recordats amb un nom de carrer, com Son Ventallol, l&#8217;Olivera, el Camp Roig, Ca na Tavernera, Son Brull, Son Molines, Son Orp\u00ed, Son Pontivic o la Torre d&#8217;en Bibiloni.<\/p>\n<p>Crec que s&#8217;ha fet una passa important en la normalitzaci\u00f3 ling\u00fc\u00edstica i cultural del nomencl\u00e0tor viari de Palma. N&#8217;estic satisfet perqu\u00e8 hi he participat molt directament (la major part de noves denominacions i tots els canvis de forma s&#8217;han aprovat a partir de la meva proposta que la regidoria de Cultura em va confiar i que algun dia penjarem en aquest web). Per\u00f2 tamb\u00e9 hi ha hagut moltes altres propostes provinents de sectors ciutadans molt diversos i que responen a sensibilitats tamb\u00e9 diverses.\u00a0L&#8217;Ajuntament ha mirat de recollir-les i d&#8217;integrar-les, com \u00e9s l\u00f2gic. Per aix\u00f2 \u00e9s inevitable que hi hagi algun nom que no\u00a0acabi d&#8217;agradar\u00a0a uns o a uns altres.<\/p>\n<p>Per\u00f2 aix\u00f2 no s&#8217;ha acabat. Nom\u00e9s s&#8217;ha fet una part, per b\u00e9 que ja resten\u00a0menys noms franquistes i\u00a0ara quedaran m\u00e9s poques plaques que no estiguin en catal\u00e0. En el\u00a0treball que vaig presentar\u00a0hi ha encara un altre centenar llarg de propostes de canvi que \u2014esper\u2014\u00a0s&#8217;aniran estudiant, juntament amb altres propostes. La major part s\u00f3n referents a denominacions culturalment inadequades\u00a0i de recuperaci\u00f3 de noms tradicionals i de top\u00f2nims. Hi ha una llista de personatges il\u00b7lustres i altres referents\u00a0del nostre pa\u00eds que espera. L&#8217;abast d&#8217;aquesta reforma i el ritme els decidiran els responsables pol\u00edtics de l&#8217;Ajuntament. Jo nom\u00e9s esper que aquests es vegin encoratjats i estimulats a avan\u00e7ar fins all\u00e0 on sigui possible en b\u00e9 d&#8217;un signe d&#8217;identitat i d&#8217;un patrimoni cultural important com\u00a0\u00e9s la topon\u00edmia urbana.<\/p>\n<div style=\"font-size: 7pt\">Posts relacionats:<\/div>\n<div style=\"font-size: 7pt\"><a href=\"http:\/\/bibiloni.cat\/blog\/?p=338\">Noms de carrers<\/a><br \/>\n<a href=\"http:\/\/bibiloni.cat\/blog\/?p=337\">Plaques en espanyol<\/a>\u00a0<br \/>\n<a href=\"http:\/\/bibiloni.cat\/blog\/?p=303\">Cercant una tal Laura<\/a><br \/>\n<a href=\"http:\/\/bibiloni.cat\/blog\/?p=292\">Pompeu Fabra i el cavall del Cid <\/a>\u00a0<\/div>\n","protected":false},"excerpt":{"rendered":"<p>Avui han estat presentats en confer\u00e8ncia de premsa. Un centenar de noves denominacions s&#8217;incorporen al nomencl\u00e0tor (76 vies canvien de nom i apareixen 32 noms nous per a vies que encara no en tenien). A m\u00e9s,\u00a0una cinquantena de\u00a0vies, sense canviar de nom,\u00a0experimenten canvis en la forma d&#8217;aquest, ja sigui per a esmenar errors ling\u00fc\u00edstics, per\u00a0a [&hellip;]<\/p>\n","protected":false},"author":1,"featured_media":0,"comment_status":"open","ping_status":"open","sticky":false,"template":"","format":"standard","meta":{"_mi_skip_tracking":false,"_monsterinsights_sitenote_active":false,"_monsterinsights_sitenote_note":"","_monsterinsights_sitenote_category":0,"_s2mail":"","footnotes":""},"categories":[3],"tags":[],"class_list":["post-399","post","type-post","status-publish","format-standard","hentry","category-llengua"],"jetpack_featured_media_url":"","_links":{"self":[{"href":"https:\/\/bibiloni.cat\/blog\/wp-json\/wp\/v2\/posts\/399","targetHints":{"allow":["GET"]}}],"collection":[{"href":"https:\/\/bibiloni.cat\/blog\/wp-json\/wp\/v2\/posts"}],"about":[{"href":"https:\/\/bibiloni.cat\/blog\/wp-json\/wp\/v2\/types\/post"}],"author":[{"embeddable":true,"href":"https:\/\/bibiloni.cat\/blog\/wp-json\/wp\/v2\/users\/1"}],"replies":[{"embeddable":true,"href":"https:\/\/bibiloni.cat\/blog\/wp-json\/wp\/v2\/comments?post=399"}],"version-history":[{"count":1,"href":"https:\/\/bibiloni.cat\/blog\/wp-json\/wp\/v2\/posts\/399\/revisions"}],"predecessor-version":[{"id":642,"href":"https:\/\/bibiloni.cat\/blog\/wp-json\/wp\/v2\/posts\/399\/revisions\/642"}],"wp:attachment":[{"href":"https:\/\/bibiloni.cat\/blog\/wp-json\/wp\/v2\/media?parent=399"}],"wp:term":[{"taxonomy":"category","embeddable":true,"href":"https:\/\/bibiloni.cat\/blog\/wp-json\/wp\/v2\/categories?post=399"},{"taxonomy":"post_tag","embeddable":true,"href":"https:\/\/bibiloni.cat\/blog\/wp-json\/wp\/v2\/tags?post=399"}],"curies":[{"name":"wp","href":"https:\/\/api.w.org\/{rel}","templated":true}]}}