{"id":393,"date":"2008-05-03T16:02:48","date_gmt":"2008-05-03T15:02:48","guid":{"rendered":"http:\/\/bibiloni.cat\/blog\/?p=393"},"modified":"2008-05-03T16:02:48","modified_gmt":"2008-05-03T15:02:48","slug":"comentaris-mig-amnistiats","status":"publish","type":"post","link":"https:\/\/bibiloni.cat\/blog\/comentaris-mig-amnistiats\/","title":{"rendered":"Comentaris mig amnistiats"},"content":{"rendered":"<p>Encara que sembli estrany, es veu que aquest blog, que b\u00e0sicament tracta de temes de llengua,\u00a0\u00e9s llegit per una bona quantitat de persones d&#8217;aquelles que diem blaveros, secessionistes, gonelles, militants contra la unitat de la llengua catalana i, en el fons, portadors d&#8217;odi contra aquesta mateixa llengua. Dic estrany perqu\u00e8 de plaer, el que se&#8217;n diu plaer, no crec que puguin trobar-ne gaire en la lectura d&#8217;aquests posts. Per\u00f2 cadasc\u00fa que passi el temps com millor trobi. La cosa \u00e9s que no sols llegeixen el blog sin\u00f3 que de tant en tant aquesta lectura els enardeix de passi\u00f3 i disparen els seus comentaris, acarnissats, insultants i, per descomptat, an\u00f2nims. Com que aqu\u00ed la <a href=\"http:\/\/bibiloni.cat\/blog\/politica.htm\">pol\u00edtica sobre els comentaris<\/a> \u00e9s clara i expl\u00edcita, aquests textos van directament a la paperera, amb la qual cosa la\u00a0iniciativa \u00e9s un mer desfogament primari sense gaire efectes pr\u00e0ctics (sobretot sense cap efecte sobre mi, que \u00e9s l&#8217;\u00fanic que podrien pretendre).<\/p>\n<p>Amb tot, poques coses hi ha en aquest m\u00f3n que no tinguin alguna mena d&#8217;inter\u00e8s per algun cant\u00f3, i per aix\u00f2 he decidit que aquests comentaris tamb\u00e9 seran publicats, per\u00f2 en una secci\u00f3 especial dita <em>La paperera <\/em>(trobareu l&#8217;enlla\u00e7 a la part de la dreta), un\u00a0aixopluc humanitari\u00a0per als qui trobin tancades les portes\u00a0que donen ple acc\u00e9s a la casa.\u00a0\u00a0A canvi de l&#8217;aixopluc prestaran el servei de distracci\u00f3 i divertiment\u00a0dels convidats\u00a0ben rebuts i acollits, que s\u00f3n quasi tots.\u00a0<\/p>\n<p>I que la dada no passi per alt: malgrat la negaci\u00f3 de la unitat de la llengua, es veu que entenen perfectament tot el que escric, com jo entenc \u2014i ara els lectors entendran\u2014 el que ells escriuen. Les faltes d&#8217;ortografia no han estat mai un element que impedeixi la intercomprensi\u00f3 entre parlants d&#8217;una llengua.<\/p>\n","protected":false},"excerpt":{"rendered":"<p>Encara que sembli estrany, es veu que aquest blog, que b\u00e0sicament tracta de temes de llengua,\u00a0\u00e9s llegit per una bona quantitat de persones d&#8217;aquelles que diem blaveros, secessionistes, gonelles, militants contra la unitat de la llengua catalana i, en el fons, portadors d&#8217;odi contra aquesta mateixa llengua. Dic estrany perqu\u00e8 de plaer, el que se&#8217;n [&hellip;]<\/p>\n","protected":false},"author":1,"featured_media":0,"comment_status":"open","ping_status":"open","sticky":false,"template":"","format":"standard","meta":{"_mi_skip_tracking":false,"_monsterinsights_sitenote_active":false,"_monsterinsights_sitenote_note":"","_monsterinsights_sitenote_category":0,"_s2mail":"","footnotes":""},"categories":[1],"tags":[],"class_list":["post-393","post","type-post","status-publish","format-standard","hentry","category-varia"],"jetpack_featured_media_url":"","_links":{"self":[{"href":"https:\/\/bibiloni.cat\/blog\/wp-json\/wp\/v2\/posts\/393","targetHints":{"allow":["GET"]}}],"collection":[{"href":"https:\/\/bibiloni.cat\/blog\/wp-json\/wp\/v2\/posts"}],"about":[{"href":"https:\/\/bibiloni.cat\/blog\/wp-json\/wp\/v2\/types\/post"}],"author":[{"embeddable":true,"href":"https:\/\/bibiloni.cat\/blog\/wp-json\/wp\/v2\/users\/1"}],"replies":[{"embeddable":true,"href":"https:\/\/bibiloni.cat\/blog\/wp-json\/wp\/v2\/comments?post=393"}],"version-history":[{"count":0,"href":"https:\/\/bibiloni.cat\/blog\/wp-json\/wp\/v2\/posts\/393\/revisions"}],"wp:attachment":[{"href":"https:\/\/bibiloni.cat\/blog\/wp-json\/wp\/v2\/media?parent=393"}],"wp:term":[{"taxonomy":"category","embeddable":true,"href":"https:\/\/bibiloni.cat\/blog\/wp-json\/wp\/v2\/categories?post=393"},{"taxonomy":"post_tag","embeddable":true,"href":"https:\/\/bibiloni.cat\/blog\/wp-json\/wp\/v2\/tags?post=393"}],"curies":[{"name":"wp","href":"https:\/\/api.w.org\/{rel}","templated":true}]}}