{"id":377,"date":"2008-03-24T00:00:21","date_gmt":"2008-03-23T23:00:21","guid":{"rendered":"http:\/\/bibiloni.cat\/blog\/?p=377"},"modified":"2008-03-25T00:04:37","modified_gmt":"2008-03-24T23:04:37","slug":"no-escolten","status":"publish","type":"post","link":"https:\/\/bibiloni.cat\/blog\/no-escolten\/","title":{"rendered":"No escolten"},"content":{"rendered":"<p>Escoltar \u00e9s molt important. Escoltar amb les orelles ben badades, sumar coneixements i no oblidar. Aix\u00ed progressen els pobles. B\u00e9, escoltant i llegint, que \u00e9s la mateixa operaci\u00f3 aplicada a la via escrita de difusi\u00f3 de la cultura.<\/p>\n<p>En aquest nostre pa\u00eds progressar\u00edem m\u00e9s aviat si la gent escolt\u00e0s un poc m\u00e9s. I la nostra llengua p\u00fablica i privada tindria molta m\u00e9s qualitat si la gent escolt\u00e0s els qui en saben un poc o molt. Per\u00f2 els qui ens dedicam a la tasca d&#8217;intentar millorar-la caiem un cop i un altre\u00a0en la quasi desesperaci\u00f3 en veure que poc que escolten alguns.<\/p>\n<p>Ahir, lleg\u00edem en un diari &#8220;Ja s&#8217;<em>escolten<\/em> comentaris dins el PP en el sentit que&#8230;&#8221;\u00a0 Com que era diumenge, potser el corrector estava de vacances. Per\u00f2 avui hi tornen, i a la mateixa secci\u00f3: &#8220;Ahir s&#8217;<em>escoltaren<\/em> alguns comentaris intencionats amb refer\u00e8ncia al vestit que es pos\u00e0 la princesa d&#8217;Ast\u00faries&#8230;&#8221;\u00a0Per ventura el corrector tamb\u00e9 est\u00e0 de vacances, que avui tamb\u00e9 \u00e9s festa&#8221;. En qualsevol cas, el redactor i segurament el corrector \u2014si hi era\u2014 no van llegir el meu post <a href=\"http:\/\/bibiloni.cat\/blog\/?p=297\" target=\"_blank\">El trastorn dels sentits<\/a>. Si \u00e9s aix\u00ed, encara hi s\u00f3n a temps, si tenen ganes d&#8217;<em>escoltar<\/em> i d&#8217;aprendre unes coses que estaria molt b\u00e9 que sabessin.<\/p>\n<p>I continuant amb el mateix tema, avui llegim a portada que &#8220;la fam\u00edlia reial <em>escolta<\/em> missa a la Seu de Mallorca&#8221;. <em>Escoltar missa<\/em>, sincerament, em fa arrufar el nas. Jo hauria dit <em>oeix missa<\/em>, com s&#8217;havia dit sempre,\u00a0i si els sona massa enravenat, que escriguin <em>assisteix a missa<\/em>, que tampoc no est\u00e0 malament.\u00a0 Per\u00f2 sobretot que <em>escoltin<\/em>.<\/p>\n","protected":false},"excerpt":{"rendered":"<p>Escoltar \u00e9s molt important. Escoltar amb les orelles ben badades, sumar coneixements i no oblidar. Aix\u00ed progressen els pobles. B\u00e9, escoltant i llegint, que \u00e9s la mateixa operaci\u00f3 aplicada a la via escrita de difusi\u00f3 de la cultura. En aquest nostre pa\u00eds progressar\u00edem m\u00e9s aviat si la gent escolt\u00e0s un poc m\u00e9s. I la nostra [&hellip;]<\/p>\n","protected":false},"author":1,"featured_media":0,"comment_status":"open","ping_status":"open","sticky":false,"template":"","format":"standard","meta":{"_mi_skip_tracking":false,"_monsterinsights_sitenote_active":false,"_monsterinsights_sitenote_note":"","_monsterinsights_sitenote_category":0,"_s2mail":"","footnotes":""},"categories":[3],"tags":[],"class_list":["post-377","post","type-post","status-publish","format-standard","hentry","category-llengua"],"jetpack_featured_media_url":"","_links":{"self":[{"href":"https:\/\/bibiloni.cat\/blog\/wp-json\/wp\/v2\/posts\/377","targetHints":{"allow":["GET"]}}],"collection":[{"href":"https:\/\/bibiloni.cat\/blog\/wp-json\/wp\/v2\/posts"}],"about":[{"href":"https:\/\/bibiloni.cat\/blog\/wp-json\/wp\/v2\/types\/post"}],"author":[{"embeddable":true,"href":"https:\/\/bibiloni.cat\/blog\/wp-json\/wp\/v2\/users\/1"}],"replies":[{"embeddable":true,"href":"https:\/\/bibiloni.cat\/blog\/wp-json\/wp\/v2\/comments?post=377"}],"version-history":[{"count":0,"href":"https:\/\/bibiloni.cat\/blog\/wp-json\/wp\/v2\/posts\/377\/revisions"}],"wp:attachment":[{"href":"https:\/\/bibiloni.cat\/blog\/wp-json\/wp\/v2\/media?parent=377"}],"wp:term":[{"taxonomy":"category","embeddable":true,"href":"https:\/\/bibiloni.cat\/blog\/wp-json\/wp\/v2\/categories?post=377"},{"taxonomy":"post_tag","embeddable":true,"href":"https:\/\/bibiloni.cat\/blog\/wp-json\/wp\/v2\/tags?post=377"}],"curies":[{"name":"wp","href":"https:\/\/api.w.org\/{rel}","templated":true}]}}