{"id":352,"date":"2007-12-16T21:59:56","date_gmt":"2007-12-16T19:59:56","guid":{"rendered":"http:\/\/bibiloni.cat\/blog\/?p=352"},"modified":"2007-12-16T22:27:55","modified_gmt":"2007-12-16T20:27:55","slug":"miquel-nadal","status":"publish","type":"post","link":"https:\/\/bibiloni.cat\/blog\/miquel-nadal\/","title":{"rendered":"Miquel Nadal"},"content":{"rendered":"<p><img decoding=\"async\" src=\"http:\/\/bibiloni.cat\/blog\/imatges\/senyera_diada.gif\" \/>Crec que ho he escrit per aqu\u00ed altres vegades: vull que Uni\u00f3 Mallorquina creixi; igual que vull que creixi l&#8217;esquerra nacional. \u00c9s a dir, vull que a les Illes \u2014i a la resta\u2014 progressin els partits del pa\u00eds, perqu\u00e8, tal com est\u00e0 el panorama, la urg\u00e8ncia \u00e9s el pa\u00eds per damunt cap altra cosa. No s\u00e9 si amb l&#8217;elecci\u00f3 de Miquel Nadal com a president del seu partit el meu desig es veur\u00e0 beneficiat o no: algunes <a href=\"http:\/\/bibiloni.cat\/blog\/recursos\/payeras_um_de_nadal.mht\" target=\"_blank\">profecies<\/a> expressades avui mateix no van en aquesta direcci\u00f3 precisament, per\u00f2 ja ho veurem va dir un cec.<\/p>\n<p>El que vull ara, a part de\u00a0desitjar molta sort i molt de succ\u00e9s al nou i flamant president, \u00e9s oferir-li humilment alguns suggeriments. Com que s\u00f3c ling\u00fcista i el meu camp d&#8217;activitat i preocupacions \u00e9s el de la llengua, els consells aniran per aqu\u00ed. Sobre altres q\u00fcestions els seus col\u00b7legues de partit i assessors ja faran el que hagin de fer.<\/p>\n<p>El primer suggeriment \u00e9s que sigui conscient de la import\u00e0ncia que t\u00e9 la imatge en un pol\u00edtic. I una part d&#8217;aquesta imatge \u00e9s la manera de parlar. En els pa\u00efsos normals el model ling\u00fc\u00edstic que els pol\u00edtics ofereixen \u00e9s cosa sagrada, perqu\u00e8 en el parlar hi va la pell pol\u00edtica. Dit aix\u00f2, jo fos d&#8217;ell contractaria r\u00e0pidament un logopeda. No \u00e9s prudent que un l\u00edder d&#8217;un partit que aspira a ser majoritari exhibeixi aquesta cosa pr\u00f2pia dels adolescents palmesans i tan poc euf\u00f2nica que anomenam <a href=\"http:\/\/bibiloni.cat\/correcciofonetica\/glossari.html\" target=\"_blank\">parlar bleda<\/a>, perqu\u00e8 als mallorquins que\u00a0parlam normal\u00a0i que tenim sensibilitat per la nostra llengua aquesta manera de parlar ens provoca tota classe de sensacions menys votera. Segurament el nou president ni ho sap, que parla bleda, com la resta d&#8217;afectats\u00a0\u2014en el quadre cl\u00ednico-ling\u00fc\u00edstic que patim col\u00b7lectivament\u00a0el desconeixement de la patologia \u00e9s part important del drama\u2014; per aix\u00f2 en aquestes situacions \u00e9s tan important el consell amic d&#8217;alg\u00fa que ent\u00e9n una mica de llengua.<\/p>\n<p>Un altre suggeriment ling\u00fc\u00edstic que faig a Miquel Nadal \u00e9s que quan s&#8217;adreci als immigrants en general no els parli en espanyol. A\u00a0Es Foguer\u00f3, el restaurant on van fer la festa,\u00a0ahir no devia haver-n&#8217;hi gaire, d&#8217;immigrants, i amb la seva acci\u00f3 nom\u00e9s devia voler que la premsa d&#8217;avui es fes ress\u00f2 del <em>gest<\/em>. Per\u00f2 el gest \u00e9s molt perill\u00f3s, perqu\u00e8 l&#8217;\u00fanic que fa \u00e9s refor\u00e7ar un lamentable esquema mental de molta de la nostra gent, que quan veu negre, \u00e0rab o xin\u00e8s pensa que l&#8217;\u00fanic idioma que aquesta gent pot entendre, parlar i aprendre \u00e9s el castell\u00e0. Els immigrants que s&#8217;han establit a Mallorca parlen com a maternes un centenar llarg de lleng\u00fces, tot i que ja s\u00e9 \u2014i ho sap Nadal\u2014 que els qui voten s\u00f3n els qui parlen en espanyol. Tanmateix,\u00a0un l\u00edder dit nacionalista no pot\u00a0perdre de vista ni un moment el projecte tantes vegades enunciat: que a la societat que volem construir\u00a0la llengua d&#8217;intercomunicaci\u00f3 entre\u00a0els diferents col\u00b7lectius\u00a0i de cohesi\u00f3 social ha de ser el catal\u00e0. Si no, com entendran els immigrants aquest projecte si els aut\u00f2ctons no deixen d&#8217;associar-los amb la comunicaci\u00f3 en espanyol?<\/p>\n<p>No s\u00e9 per qu\u00e8 avui no he pogut evitar d&#8217;escriure aquest post. Potser \u00e9s que encara conservo en alguna part de la retina la imatge impactant d&#8217;aquell Miquel Nadal,\u00a0excitat com un cavall a la fira\u00a0o com a posse\u00eft per alguna mena\u00a0d&#8217;esperit, parlant \u2014cridant\u2014 en espanyol a Son Oliva.<\/p>\n","protected":false},"excerpt":{"rendered":"<p>Crec que ho he escrit per aqu\u00ed altres vegades: vull que Uni\u00f3 Mallorquina creixi; igual que vull que creixi l&#8217;esquerra nacional. \u00c9s a dir, vull que a les Illes \u2014i a la resta\u2014 progressin els partits del pa\u00eds, perqu\u00e8, tal com est\u00e0 el panorama, la urg\u00e8ncia \u00e9s el pa\u00eds per damunt cap altra cosa. No [&hellip;]<\/p>\n","protected":false},"author":1,"featured_media":0,"comment_status":"open","ping_status":"open","sticky":false,"template":"","format":"standard","meta":{"_mi_skip_tracking":false,"_monsterinsights_sitenote_active":false,"_monsterinsights_sitenote_note":"","_monsterinsights_sitenote_category":0,"_s2mail":"","footnotes":""},"categories":[3],"tags":[],"class_list":["post-352","post","type-post","status-publish","format-standard","hentry","category-llengua"],"jetpack_featured_media_url":"","_links":{"self":[{"href":"https:\/\/bibiloni.cat\/blog\/wp-json\/wp\/v2\/posts\/352","targetHints":{"allow":["GET"]}}],"collection":[{"href":"https:\/\/bibiloni.cat\/blog\/wp-json\/wp\/v2\/posts"}],"about":[{"href":"https:\/\/bibiloni.cat\/blog\/wp-json\/wp\/v2\/types\/post"}],"author":[{"embeddable":true,"href":"https:\/\/bibiloni.cat\/blog\/wp-json\/wp\/v2\/users\/1"}],"replies":[{"embeddable":true,"href":"https:\/\/bibiloni.cat\/blog\/wp-json\/wp\/v2\/comments?post=352"}],"version-history":[{"count":0,"href":"https:\/\/bibiloni.cat\/blog\/wp-json\/wp\/v2\/posts\/352\/revisions"}],"wp:attachment":[{"href":"https:\/\/bibiloni.cat\/blog\/wp-json\/wp\/v2\/media?parent=352"}],"wp:term":[{"taxonomy":"category","embeddable":true,"href":"https:\/\/bibiloni.cat\/blog\/wp-json\/wp\/v2\/categories?post=352"},{"taxonomy":"post_tag","embeddable":true,"href":"https:\/\/bibiloni.cat\/blog\/wp-json\/wp\/v2\/tags?post=352"}],"curies":[{"name":"wp","href":"https:\/\/api.w.org\/{rel}","templated":true}]}}