{"id":351,"date":"2007-12-14T13:07:30","date_gmt":"2007-12-14T11:07:30","guid":{"rendered":"http:\/\/bibiloni.cat\/blog\/?p=351"},"modified":"2007-12-14T13:07:30","modified_gmt":"2007-12-14T11:07:30","slug":"la-universitat-de-barcelona-es-posiciona-per-%c2%abblog%c2%bb","status":"publish","type":"post","link":"https:\/\/bibiloni.cat\/blog\/la-universitat-de-barcelona-es-posiciona-per-%c2%abblog%c2%bb\/","title":{"rendered":"La Universitat de Barcelona es posiciona per \u00abblog\u00bb"},"content":{"rendered":"<p>\u00a0<img decoding=\"async\" src=\"http:\/\/bibiloni.cat\/blog\/imatges\/senyera_diada.gif\" \/> Els serveis ling\u00fc\u00edstics de la Universitat de Barcelona s&#8217;han posicionat per la forma <em>blog<\/em>, com es veu en <a href=\"http:\/\/www2.ub.edu\/assessling\/cgi\/consultes\/resposta.pl?consultes_id=433\" target=\"_blank\">aquesta p\u00e0gina<\/a>. \u00c9s una bona not\u00edcia. A poc a poc el m\u00f3n de la filologia, els ling\u00fcistes i els responsables de la correcci\u00f3 ling\u00fc\u00edstica dels mitjans de comunicaci\u00f3 i les editorials es van decantant per la grafia l\u00f2gica. La blogosfera catalana, en canvi, continua majorit\u00e0riament a la deriva. Per\u00f2 <a href=\"http:\/\/bibiloni.cat\/blog\/bloguistes.htm\" target=\"_blank\">no tota<\/a>, \u00e9s clar.<\/p>\n","protected":false},"excerpt":{"rendered":"<p>\u00a0 Els serveis ling\u00fc\u00edstics de la Universitat de Barcelona s&#8217;han posicionat per la forma blog, com es veu en aquesta p\u00e0gina. \u00c9s una bona not\u00edcia. A poc a poc el m\u00f3n de la filologia, els ling\u00fcistes i els responsables de la correcci\u00f3 ling\u00fc\u00edstica dels mitjans de comunicaci\u00f3 i les editorials es van decantant per la [&hellip;]<\/p>\n","protected":false},"author":1,"featured_media":0,"comment_status":"open","ping_status":"open","sticky":false,"template":"","format":"standard","meta":{"_mi_skip_tracking":false,"_monsterinsights_sitenote_active":false,"_monsterinsights_sitenote_note":"","_monsterinsights_sitenote_category":0,"_s2mail":"","footnotes":""},"categories":[3],"tags":[],"class_list":["post-351","post","type-post","status-publish","format-standard","hentry","category-llengua"],"jetpack_featured_media_url":"","_links":{"self":[{"href":"https:\/\/bibiloni.cat\/blog\/wp-json\/wp\/v2\/posts\/351","targetHints":{"allow":["GET"]}}],"collection":[{"href":"https:\/\/bibiloni.cat\/blog\/wp-json\/wp\/v2\/posts"}],"about":[{"href":"https:\/\/bibiloni.cat\/blog\/wp-json\/wp\/v2\/types\/post"}],"author":[{"embeddable":true,"href":"https:\/\/bibiloni.cat\/blog\/wp-json\/wp\/v2\/users\/1"}],"replies":[{"embeddable":true,"href":"https:\/\/bibiloni.cat\/blog\/wp-json\/wp\/v2\/comments?post=351"}],"version-history":[{"count":0,"href":"https:\/\/bibiloni.cat\/blog\/wp-json\/wp\/v2\/posts\/351\/revisions"}],"wp:attachment":[{"href":"https:\/\/bibiloni.cat\/blog\/wp-json\/wp\/v2\/media?parent=351"}],"wp:term":[{"taxonomy":"category","embeddable":true,"href":"https:\/\/bibiloni.cat\/blog\/wp-json\/wp\/v2\/categories?post=351"},{"taxonomy":"post_tag","embeddable":true,"href":"https:\/\/bibiloni.cat\/blog\/wp-json\/wp\/v2\/tags?post=351"}],"curies":[{"name":"wp","href":"https:\/\/api.w.org\/{rel}","templated":true}]}}