{"id":348,"date":"2007-12-06T11:23:09","date_gmt":"2007-12-06T09:23:09","guid":{"rendered":"http:\/\/bibiloni.cat\/blog\/?p=348"},"modified":"2007-12-06T11:23:09","modified_gmt":"2007-12-06T09:23:09","slug":"blocs-digitals-i-analogics","status":"publish","type":"post","link":"https:\/\/bibiloni.cat\/blog\/blocs-digitals-i-analogics\/","title":{"rendered":"Blocs digitals i anal\u00f2gics"},"content":{"rendered":"<p><img decoding=\"async\" src=\"http:\/\/bibiloni.cat\/blog\/imatges\/senyera_diada.gif\" \/>Mirau qu\u00e8 passa quan la racionalitat \u00e9s engrillonada i tancada a la cambra fosca i profunda del soterrani del castell. Que f\u00e0cil i senzill que seria dir <em>Els blogs davant la contesa electoral<\/em>. Fins i tot ho entendr\u00edem a la primera. Per\u00f2 no, abans que la senzillesa i la racionalitat n&#8217;hi ha que estan disposats a fer tota classe de malabarismes i contorsions innecessaris. Com que si haguessin escrit <em>Els blocs davant la contesa electoral<\/em> el lector tot d&#8217;una pensaria en el Bloc Nacionalista Valenci\u00e0, en el Bloc per Mallorca i potser en altres blocs, han hagut d&#8217;escriure <em>els blocs digitals<\/em>, amb la qual cosa tamb\u00e9 resta ben clar que se n&#8217;exclouen els <em>blocs anal\u00f2gics<\/em>, com els dos esmentats.\u00a0De manera que ara ja tenim una altra manera de designar els pobres blogs: el terme complex <em>bloc digital<\/em>, amb la qual cosa donam m\u00e9s varietat a la bauxa terminol\u00f2gica que hem muntat. <em>Ad maiorem Termcati gloriam<\/em>.<\/p>\n<p>\u00a0<\/p>\n<p><img decoding=\"async\" src=\"http:\/\/bibiloni.cat\/blog\/imatges\/blocs_digitals.jpg\" \/><\/p>\n<p>\u00a0<\/p>\n<p>Ho he dit altres vegades: quina ll\u00e0stima que siguin els &#8220;bons&#8221; els qui vagin perduts per la vida. <a href=\"http:\/\/www.tribuna.cat\" target=\"_blank\">Tribuna Catalana<\/a> \u00e9s una publicaci\u00f3\u00a0digital de gran inter\u00e8s i molt seriosa quant als continguts. Ho seria encara m\u00e9s si fos capa\u00e7 de no fer disbaratets com aquest, de saber de qui \u00e9s millor fer cas\u00a0i de saber alliberar-se de la por\u00a0de sentir-se en &#8220;estat de pecat&#8221; (ling\u00fc\u00edstic), que esclavitza tanta gent en aquest pa\u00eds.<\/p>\n<p>Per cert, alguna cosa s&#8217;ha mogut a Vilaweb, tot i que segurament no \u00e9s d&#8217;ara. A la p\u00e0gina on s&#8217;explica qu\u00e8 s\u00f3n els blogs de la casa llegim coses com: \u00ab\u2018Blocs\u2019 \u00e9s el nom que VilaWeb ha posat als seus \u2018weblogs\u2019&#8230; Els &#8216;blogs&#8217; constitueixen un dels fen\u00f2mens m\u00e9s espectaculars d&#8217;internet d&#8217;aquests darrers anys&#8230; Si en voleu saber m\u00e9s, de &#8216;blogs&#8217; en catal\u00e0, us recomanem&#8230;\u00bb Ara nom\u00e9s falta suprimir les cometes a les dues darreres frases i, despr\u00e9s de trescar per la garriga, haurem trobat el cam\u00ed.<\/p>\n","protected":false},"excerpt":{"rendered":"<p>Mirau qu\u00e8 passa quan la racionalitat \u00e9s engrillonada i tancada a la cambra fosca i profunda del soterrani del castell. Que f\u00e0cil i senzill que seria dir Els blogs davant la contesa electoral. Fins i tot ho entendr\u00edem a la primera. Per\u00f2 no, abans que la senzillesa i la racionalitat n&#8217;hi ha que estan disposats [&hellip;]<\/p>\n","protected":false},"author":1,"featured_media":0,"comment_status":"open","ping_status":"open","sticky":false,"template":"","format":"standard","meta":{"_mi_skip_tracking":false,"_monsterinsights_sitenote_active":false,"_monsterinsights_sitenote_note":"","_monsterinsights_sitenote_category":0,"_s2mail":"","footnotes":""},"categories":[3],"tags":[],"class_list":["post-348","post","type-post","status-publish","format-standard","hentry","category-llengua"],"jetpack_featured_media_url":"","_links":{"self":[{"href":"https:\/\/bibiloni.cat\/blog\/wp-json\/wp\/v2\/posts\/348","targetHints":{"allow":["GET"]}}],"collection":[{"href":"https:\/\/bibiloni.cat\/blog\/wp-json\/wp\/v2\/posts"}],"about":[{"href":"https:\/\/bibiloni.cat\/blog\/wp-json\/wp\/v2\/types\/post"}],"author":[{"embeddable":true,"href":"https:\/\/bibiloni.cat\/blog\/wp-json\/wp\/v2\/users\/1"}],"replies":[{"embeddable":true,"href":"https:\/\/bibiloni.cat\/blog\/wp-json\/wp\/v2\/comments?post=348"}],"version-history":[{"count":0,"href":"https:\/\/bibiloni.cat\/blog\/wp-json\/wp\/v2\/posts\/348\/revisions"}],"wp:attachment":[{"href":"https:\/\/bibiloni.cat\/blog\/wp-json\/wp\/v2\/media?parent=348"}],"wp:term":[{"taxonomy":"category","embeddable":true,"href":"https:\/\/bibiloni.cat\/blog\/wp-json\/wp\/v2\/categories?post=348"},{"taxonomy":"post_tag","embeddable":true,"href":"https:\/\/bibiloni.cat\/blog\/wp-json\/wp\/v2\/tags?post=348"}],"curies":[{"name":"wp","href":"https:\/\/api.w.org\/{rel}","templated":true}]}}