{"id":344,"date":"2007-11-29T10:16:39","date_gmt":"2007-11-29T08:16:39","guid":{"rendered":"http:\/\/bibiloni.cat\/blog\/?p=344"},"modified":"2007-11-29T13:54:56","modified_gmt":"2007-11-29T11:54:56","slug":"magrada-en-jordi","status":"publish","type":"post","link":"https:\/\/bibiloni.cat\/blog\/magrada-en-jordi\/","title":{"rendered":"M&#8217;agrada en Jordi"},"content":{"rendered":"<link href=\"http:\/\/bibiloni.cat\/recursos\/dhtmlwindow\/dhtmlwindow.css\" type=\"text\/css\" rel=\"stylesheet\" \/><script src=\"http:\/\/bibiloni.cat\/recursos\/dhtmlwindow\/dhtmlwindow.js\" type=\"text\/javascript\">    <\/script>\n<p align=\"justify\">No, no, que ning\u00fa \u2014sobretot <em>ninguna<\/em>\u2014 no es precipiti: continuu tan h\u00e9tero com sempre. \u00c9s que en Jordi ni tan sols \u00e9s un home de carn i ossos, encara que \u00e9s possible que algun lector d&#8217;aquest post al final no ho acabi de creure. En Jordi \u00e9s nom\u00e9s una veu, una veu feta amb ordinadors, una veu generada en un proc\u00e9s de sintetitzaci\u00f3 de parla. Un estri que ens ofereix la companyia <a href=\"http:\/\/www.loquendo.com\/es\/index.htm\" target=\"_blank\">Loquendo<\/a> destinat a ser utilitzat en diverses aplicacions inform\u00e0tiques que abracen un ventall d&#8217;utilitats. La m\u00e9s corrent, els programes que llegeixen textos, com els que poden ser \u00fatils als cecs o com el que ha produ\u00eft aquesta pallissa que hem d&#8217;aguantar \u2014pels disbarats que diuen\u2014 en els autobusos de Palma. En Jordi \u00e9s una de les moltes veus que la casa ofereix per a un ampli conjunt d&#8217;idiomes. El nostre home \u2014b\u00e9, la nostra veu\u2014 t\u00e9 una germana, na Montserrat, la veu femenina catalana que un altre dia us presentar\u00e9, per\u00f2 m&#8217;agrada m\u00e9s en Jordi, que hi farem. Pel que he llegit, les veus femenines s\u00f3n m\u00e9s dif\u00edcils d&#8217;aconseguir que les masculines i de menys qualitat. Sembla que perqu\u00e8 la freq\u00fc\u00e8ncia fonamental o primer harm\u00f2nic \u00e9s m\u00e9s alta que la dels homes i no s\u00e9 qu\u00e8 m\u00e9s. \u00c9s una ll\u00e0stima que sigui aix\u00ed i esperem que la tecnologia ho resolgui aviat.<\/p>\n<p align=\"justify\">B\u00e9, ara podreu sentir com parla en Jordi. Si feu clic <a onclick=\"divwin=dhtmlwindow.open('divbox', 'iframe', 'http:\/\/bibiloni.cat\/blog\/recursos\/audio\/jordi.html', '\u00c0udio', 'width=50px,height=50px,left=200px,top=150px, resize=0, scrolling=0'); return false\" href=\"http:\/\/bibiloni.cat\/blog\/#\">aqu\u00ed<\/a> (i un altre clic o dos despr\u00e9s en el trianglet vermell), en Jordi us llegir\u00e0 aquest post.<\/p>\n<p align=\"justify\">B\u00e9, com veieu, en Jordi parla catal\u00e0 central. Per\u00f2 catal\u00e0 central del bo, no aquest xava-bleda que parlen els actors joves de <em>El Cor de la ciutat<\/em>, la majoria de locutors dels anuncis de la televisi\u00f3 i en Pellicer. Ara que \u00e9s tan aprenent que amb una mica de paci\u00e8ncia he aconseguit de fer-lo parlar amb accent mallorqu\u00ed. Aqu\u00ed \u00e9s on ell i jo ens hem divertit de valent. Un clic <a onclick=\"divwin=dhtmlwindow.open('divbox', 'iframe', 'http:\/\/bibiloni.cat\/blog\/recursos\/audio\/jordi_mallorqui.html', '\u00c0udio', 'width=50px,height=50px,left=200px,top=150px, resize=0, scrolling=0'); return false\" href=\"http:\/\/bibiloni.cat\/blog\/#\">aqu\u00ed<\/a> i veureu quines coses que ha apr\u00e8s de dir:<\/p>\n<p align=\"justify\">Decididament en Jordi ser\u00e0 a partir d&#8217;ara per a mi un bon ajudant. Per comen\u00e7ar, l&#8217;incorporar\u00e9 com a model de bona pron\u00fancia a la meva <a href=\"http:\/\/bibiloni.cat\/correcciofonetica\" target=\"_blank\">Guia de correcci\u00f3 fon\u00e8tica<\/a>, petita taula de salvaci\u00f3 de tants de n\u00e0ufrags de la dicci\u00f3 i l&#8217;elocuci\u00f3 que hi ha en aquest pa\u00eds.<\/p>\n","protected":false},"excerpt":{"rendered":"<p>No, no, que ning\u00fa \u2014sobretot ninguna\u2014 no es precipiti: continuu tan h\u00e9tero com sempre. \u00c9s que en Jordi ni tan sols \u00e9s un home de carn i ossos, encara que \u00e9s possible que algun lector d&#8217;aquest post al final no ho acabi de creure. En Jordi \u00e9s nom\u00e9s una veu, una veu feta amb ordinadors, [&hellip;]<\/p>\n","protected":false},"author":1,"featured_media":0,"comment_status":"open","ping_status":"open","sticky":false,"template":"","format":"standard","meta":{"_mi_skip_tracking":false,"_monsterinsights_sitenote_active":false,"_monsterinsights_sitenote_note":"","_monsterinsights_sitenote_category":0,"_s2mail":"","footnotes":""},"categories":[3],"tags":[],"class_list":["post-344","post","type-post","status-publish","format-standard","hentry","category-llengua"],"jetpack_featured_media_url":"","_links":{"self":[{"href":"https:\/\/bibiloni.cat\/blog\/wp-json\/wp\/v2\/posts\/344","targetHints":{"allow":["GET"]}}],"collection":[{"href":"https:\/\/bibiloni.cat\/blog\/wp-json\/wp\/v2\/posts"}],"about":[{"href":"https:\/\/bibiloni.cat\/blog\/wp-json\/wp\/v2\/types\/post"}],"author":[{"embeddable":true,"href":"https:\/\/bibiloni.cat\/blog\/wp-json\/wp\/v2\/users\/1"}],"replies":[{"embeddable":true,"href":"https:\/\/bibiloni.cat\/blog\/wp-json\/wp\/v2\/comments?post=344"}],"version-history":[{"count":0,"href":"https:\/\/bibiloni.cat\/blog\/wp-json\/wp\/v2\/posts\/344\/revisions"}],"wp:attachment":[{"href":"https:\/\/bibiloni.cat\/blog\/wp-json\/wp\/v2\/media?parent=344"}],"wp:term":[{"taxonomy":"category","embeddable":true,"href":"https:\/\/bibiloni.cat\/blog\/wp-json\/wp\/v2\/categories?post=344"},{"taxonomy":"post_tag","embeddable":true,"href":"https:\/\/bibiloni.cat\/blog\/wp-json\/wp\/v2\/tags?post=344"}],"curies":[{"name":"wp","href":"https:\/\/api.w.org\/{rel}","templated":true}]}}