{"id":341,"date":"2007-11-23T11:48:20","date_gmt":"2007-11-23T09:48:20","guid":{"rendered":"http:\/\/bibiloni.cat\/blog\/?p=341"},"modified":"2007-11-23T14:48:41","modified_gmt":"2007-11-23T12:48:41","slug":"croniques-de-la-normalitzacio-antich","status":"publish","type":"post","link":"https:\/\/bibiloni.cat\/blog\/croniques-de-la-normalitzacio-antich\/","title":{"rendered":"Cr\u00f2niques de la &#8220;normalitzaci\u00f3&#8221;: Antich"},"content":{"rendered":"<p><img decoding=\"async\" src=\"http:\/\/bibiloni.cat\/blog\/imatges\/antich.jpg\" \/>Ahir va tenir lloc a Palma \u2014s\u00ed, a Palma\u2014 un acte per a celebrar el trent\u00e8 aniversari de la Confederaci\u00f3 d&#8217;Associacions Empresarials de les Balears. Tres-cents empresaris de les Illes, i algun senyor vingut de Madrid, es van ajuntar a l&#8217;Hotel Meli\u00e0 Vict\u00f2ria en un sopar de gala i pinyol vermell. La televisi\u00f3 va emetre un moment del discurs que hi pronunci\u00e0 el president de les Illes Balears. Un tall breu per\u00f2 suficient perqu\u00e8 es pogu\u00e9s veure amb tota claredat la dada que ara ens interessa: el senyor Antich va fer el seu discurs en espanyol.<\/p>\n<p>Sup\u00f2s que ning\u00fa no s&#8217;imagina el president Montilla \u2014o Maragall o Pujol\u2014 en una situaci\u00f3 semblant. Per\u00f2 Antich s&#8217;estima m\u00e9s que el comparin amb Zaplana o Camps. Antich s&#8217;est\u00e0 lluint: les cr\u00edtiques que reb\u00e9 quan en l&#8217;acte de rebuda de\u00a0Jorge Lorenzo\u00a0parl\u00e0 en castell\u00e0 en el balc\u00f3 del Consolat de Mar sembla que no l&#8217;han immutat, i continua disposat a menysprear els principis de defensa i promoci\u00f3 de la llengua que sign\u00e0 despr\u00e9s de les eleccions. \u00c9s a dir, a menystenir la llengua del pa\u00eds, els esfor\u00e7os\u00a0de tots els qui treballen pel catal\u00e0 i una gran part dels qui l&#8217;han votat. Antich \u2014ben igualet que el PP\u2014 sembla que vulgui transmetre als ciutadans el missatge que el catal\u00e0 est\u00e0 molt b\u00e9 quan nom\u00e9s ens escolten els de la fam\u00edlia per\u00f2 que hi ha moments en qu\u00e8 cal guardar la compostura. Antich tamb\u00e9 ens deu voler fer avinent que vulnerar la llei (<a href=\"http:\/\/www.bibiloni.cat\/legislacio\/D_100.htm\" target=\"_blank\">decret 100, article 4<\/a>) no t\u00e9 la m\u00e9s m\u00ednima import\u00e0ncia. Aix\u00ed va la normalitzaci\u00f3.<\/p>\n","protected":false},"excerpt":{"rendered":"<p>Ahir va tenir lloc a Palma \u2014s\u00ed, a Palma\u2014 un acte per a celebrar el trent\u00e8 aniversari de la Confederaci\u00f3 d&#8217;Associacions Empresarials de les Balears. Tres-cents empresaris de les Illes, i algun senyor vingut de Madrid, es van ajuntar a l&#8217;Hotel Meli\u00e0 Vict\u00f2ria en un sopar de gala i pinyol vermell. La televisi\u00f3 va emetre [&hellip;]<\/p>\n","protected":false},"author":1,"featured_media":0,"comment_status":"open","ping_status":"open","sticky":false,"template":"","format":"standard","meta":{"_mi_skip_tracking":false,"_monsterinsights_sitenote_active":false,"_monsterinsights_sitenote_note":"","_monsterinsights_sitenote_category":0,"_s2mail":"","footnotes":""},"categories":[3],"tags":[],"class_list":["post-341","post","type-post","status-publish","format-standard","hentry","category-llengua"],"jetpack_featured_media_url":"","_links":{"self":[{"href":"https:\/\/bibiloni.cat\/blog\/wp-json\/wp\/v2\/posts\/341","targetHints":{"allow":["GET"]}}],"collection":[{"href":"https:\/\/bibiloni.cat\/blog\/wp-json\/wp\/v2\/posts"}],"about":[{"href":"https:\/\/bibiloni.cat\/blog\/wp-json\/wp\/v2\/types\/post"}],"author":[{"embeddable":true,"href":"https:\/\/bibiloni.cat\/blog\/wp-json\/wp\/v2\/users\/1"}],"replies":[{"embeddable":true,"href":"https:\/\/bibiloni.cat\/blog\/wp-json\/wp\/v2\/comments?post=341"}],"version-history":[{"count":0,"href":"https:\/\/bibiloni.cat\/blog\/wp-json\/wp\/v2\/posts\/341\/revisions"}],"wp:attachment":[{"href":"https:\/\/bibiloni.cat\/blog\/wp-json\/wp\/v2\/media?parent=341"}],"wp:term":[{"taxonomy":"category","embeddable":true,"href":"https:\/\/bibiloni.cat\/blog\/wp-json\/wp\/v2\/categories?post=341"},{"taxonomy":"post_tag","embeddable":true,"href":"https:\/\/bibiloni.cat\/blog\/wp-json\/wp\/v2\/tags?post=341"}],"curies":[{"name":"wp","href":"https:\/\/api.w.org\/{rel}","templated":true}]}}