{"id":337,"date":"2007-11-13T22:46:20","date_gmt":"2007-11-13T20:46:20","guid":{"rendered":"http:\/\/bibiloni.cat\/blog\/?p=337"},"modified":"2007-11-20T11:07:47","modified_gmt":"2007-11-20T09:07:47","slug":"plaques-en-espanyol","status":"publish","type":"post","link":"https:\/\/bibiloni.cat\/blog\/plaques-en-espanyol\/","title":{"rendered":"Plaques en espanyol"},"content":{"rendered":"<p><img decoding=\"async\" title=\"Calle de Jaime II. Aquesta no l'han poguda canviar\" alt=\"Calle de Jaime II. Aquesta no l'han poguda canviar\" src=\"http:\/\/bibiloni.cat\/blog\/imatges\/mitja_placa.jpg\" \/>Els <a href=\"http:\/\/www.jovesllengua.cat\/\" target=\"_blank\">Joves de Mallorca per la Llengua<\/a> han decidit de promoure un concurs i una <a href=\"http:\/\/www.jovesllengua.cat\/web\/joveslle_01\/maratFotosQueEs.php5\" target=\"_blank\">marat\u00f3 fotogr\u00e0fica<\/a> per a denunciar l&#8217;exist\u00e8ncia de moltes plaques de carrers que encara estan en castell\u00e0 a la ciutat de Palma. Totes les iniciatives de Joves de Mallorca per la Llengua s\u00f3n molt encertades, i aquesta pot ajudar a sensibilitzar davant l&#8217;exist\u00e8ncia, encara, de plaques fora de tota normalitat ling\u00fc\u00edstica.<\/p>\n<p>El que passa \u00e9s que trescar tot el municipi de Palma \u2014que \u00e9s enorme\u2014 cercant plaques amb la dita anomalia \u00e9s una feinada immensa. M\u00e9s pr\u00e0ctic seria que em demanassin a mi, que les tinc totes ben controlades. S\u00e9 quantes s\u00f3n, quines s\u00f3n\u00a0i on s\u00f3n. Si em presentava al concurs, segur que el guanyaria, per\u00f2 crec que no ho podr\u00e9 fer, perqu\u00e8 est\u00e0 restringit als voluntaris de Joves per la Llengua, i aqu\u00ed a mi no m&#8217;hi volen. El grup Joves d&#8217;Esperit de Mallorca per la Llengua, del qual s\u00f3c fundador i membre \u00fanic, no hi \u00e9s adm\u00e8s.\u00a0Per\u00f2 com a petita ajuda els dir\u00e9 que\u00a0els carrers de Palma que encara tenen la placa en castell\u00e0 s\u00f3n 184 (els mateixos que hi havia el 1991, quan va entrar a Cort el partit que ara n&#8217;ha sortit), i aix\u00f2 representa el 7 per cent del total. Em surt aquest comentari perqu\u00e8 avui mateix he lliurat a l&#8217;Ajuntament el treball-proposta que\u00a0em van encarregar\u00a0sobre la situaci\u00f3 del nomencl\u00e0tor i que \u00e9s indispensable per a un correcte acabament del proc\u00e9s que anomenam normalitzaci\u00f3 de la nomenclatura vi\u00e0ria. Que no \u00e9s nom\u00e9s traduir, sin\u00f3 canviar els noms inadequats (no sols els franquistes), recuperar noms tradicionals i, en definitiva, deixar la topon\u00edmia urbana bella i endre\u00e7ada.<\/p>\n<p>El nou Ajuntament sortit de les eleccions passades va agafar tot d&#8217;una amb inter\u00e8s la q\u00fcesti\u00f3 de la normalitzaci\u00f3 ling\u00fc\u00edstica dels noms dels carrers, igual que l&#8217;eliminaci\u00f3 de la nomenclatura franquista, i en aix\u00f2 estam. Tot du el seu proc\u00e9s, i fins al 10 de gener, en qu\u00e8 s&#8217;acaba el termini de la marat\u00f3, els joves fot\u00f2grafs encara tindran plaques per a immortalitzar, per\u00f2 sup\u00f2s que molt aviat la q\u00fcesti\u00f3 de les plaques en castell\u00e0 ser\u00e0 un afer resolt. Que ja tocava.<\/p>\n","protected":false},"excerpt":{"rendered":"<p>Els Joves de Mallorca per la Llengua han decidit de promoure un concurs i una marat\u00f3 fotogr\u00e0fica per a denunciar l&#8217;exist\u00e8ncia de moltes plaques de carrers que encara estan en castell\u00e0 a la ciutat de Palma. Totes les iniciatives de Joves de Mallorca per la Llengua s\u00f3n molt encertades, i aquesta pot ajudar a sensibilitzar [&hellip;]<\/p>\n","protected":false},"author":1,"featured_media":0,"comment_status":"open","ping_status":"open","sticky":false,"template":"","format":"standard","meta":{"_mi_skip_tracking":false,"_monsterinsights_sitenote_active":false,"_monsterinsights_sitenote_note":"","_monsterinsights_sitenote_category":0,"_s2mail":"","footnotes":""},"categories":[3],"tags":[],"class_list":["post-337","post","type-post","status-publish","format-standard","hentry","category-llengua"],"jetpack_featured_media_url":"","_links":{"self":[{"href":"https:\/\/bibiloni.cat\/blog\/wp-json\/wp\/v2\/posts\/337","targetHints":{"allow":["GET"]}}],"collection":[{"href":"https:\/\/bibiloni.cat\/blog\/wp-json\/wp\/v2\/posts"}],"about":[{"href":"https:\/\/bibiloni.cat\/blog\/wp-json\/wp\/v2\/types\/post"}],"author":[{"embeddable":true,"href":"https:\/\/bibiloni.cat\/blog\/wp-json\/wp\/v2\/users\/1"}],"replies":[{"embeddable":true,"href":"https:\/\/bibiloni.cat\/blog\/wp-json\/wp\/v2\/comments?post=337"}],"version-history":[{"count":0,"href":"https:\/\/bibiloni.cat\/blog\/wp-json\/wp\/v2\/posts\/337\/revisions"}],"wp:attachment":[{"href":"https:\/\/bibiloni.cat\/blog\/wp-json\/wp\/v2\/media?parent=337"}],"wp:term":[{"taxonomy":"category","embeddable":true,"href":"https:\/\/bibiloni.cat\/blog\/wp-json\/wp\/v2\/categories?post=337"},{"taxonomy":"post_tag","embeddable":true,"href":"https:\/\/bibiloni.cat\/blog\/wp-json\/wp\/v2\/tags?post=337"}],"curies":[{"name":"wp","href":"https:\/\/api.w.org\/{rel}","templated":true}]}}