{"id":313,"date":"2007-09-21T09:57:03","date_gmt":"2007-09-21T07:57:03","guid":{"rendered":"http:\/\/bibiloni.cat\/blog\/?p=313"},"modified":"2007-09-22T21:08:32","modified_gmt":"2007-09-22T19:08:32","slug":"agressions-linguistiques-i-alguns-inefables-que-les-narren","status":"publish","type":"post","link":"https:\/\/bibiloni.cat\/blog\/agressions-linguistiques-i-alguns-inefables-que-les-narren\/","title":{"rendered":"Agressions ling\u00fc\u00edstiques i alguns inefables que les narren"},"content":{"rendered":"<p>Els catalans rebem agressions ling\u00fc\u00edstiques de fa prop de tres-cents anys. Tant de temps ensinistra qualsevol a callar i aguantar. No sols a callar i aguantar sin\u00f3 a evitar\u00a0la bufetada\u00a0deixant de fer sistem\u00e0ticament all\u00f2 que la provocaria, \u00e9s a dir utilitzar\u00a0submisament la llengua imposada. Per\u00f2 darrerament\u00a0de cada cop m\u00e9s\u00a0persones no renuncien als seus drets,\u00a0i autom\u00e0ticament afloren els conflictes ling\u00fc\u00edstics, que solen ser reflectits per la premsa.<\/p>\n<p>El darrer cas a Mallorca, ahir mateix. Una persona arriba a una oficina p\u00fablica exercint els seus drets ling\u00fc\u00edstics i es veu obligat a perdre no se sap quant de temps i a cercar l&#8217;ajuda d&#8217;altra gent que tamb\u00e9 perd el temps, perqu\u00e8 el guarda de seguretat, amb tota la seva tranquil\u00b7litat, no l&#8217;ent\u00e9n o diu que no l&#8217;ent\u00e9n.<\/p>\n<p>La cosa m\u00e9s surrealista del cas \u00e9s la <a href=\"http:\/\/www.elmundo-eldia.com\/2007\/09\/21\/illes_balears\/1190325607.html\" target=\"_blank\">versi\u00f3<\/a> que en d\u00f3na avui el Pamflet, que presenta la v\u00edctima com el culpable i una b\u00edstia renega (<em>se niega a que le atiendan en castellano<\/em>), i qualifica el fet de no renunciar al propi idioma d&#8217;<em>absurdo ling\u00fc\u00edstico<\/em>. Per\u00f2 crida l&#8217;atenci\u00f3 especialment la interpretaci\u00f3 que el presumpte peri\u00f2dic fa dels drets ling\u00fc\u00edstics. Diu: &#8220;Barcel\u00f3 blande el art\u00edculo 3 del Estatut balear a la hora de defender su intervenci\u00f3n. Dicho art\u00edculo especifica que \u00abtodos tienen el derecho de utilizar el catal\u00e1n, y nadie podr\u00e1 ser discriminado por raz\u00f3n del idioma\u00bb. Sin embargo, y al tratarse de un edificio del Estado, no hay leyes que obliguen a sus funcionarios a utilizar el catal\u00e1n&#8221;. A part que una cosa \u00e9s &#8220;utilizar el catal\u00e1n&#8221; i una altra permetre nom\u00e9s que uns altres l&#8217;utilitzin (embolica que fa fort), el &#8220;raonament&#8221; no t\u00e9 p\u00e8rdua: \u00e9s com si jo fos assassinat a la Universitat i alg\u00fa argument\u00e0s, en defensa de l&#8217;assass\u00ed,\u00a0que, si b\u00e9 la Constituci\u00f3 estableix el dret a la vida, no hi ha lleis que obliguin espec\u00edficament a respectar la vida en el recinte de les universitats.<\/p>\n<p>I d&#8217;aix\u00f2 en diuen periodisme.<\/p>\n","protected":false},"excerpt":{"rendered":"<p>Els catalans rebem agressions ling\u00fc\u00edstiques de fa prop de tres-cents anys. Tant de temps ensinistra qualsevol a callar i aguantar. No sols a callar i aguantar sin\u00f3 a evitar\u00a0la bufetada\u00a0deixant de fer sistem\u00e0ticament all\u00f2 que la provocaria, \u00e9s a dir utilitzar\u00a0submisament la llengua imposada. Per\u00f2 darrerament\u00a0de cada cop m\u00e9s\u00a0persones no renuncien als seus drets,\u00a0i autom\u00e0ticament [&hellip;]<\/p>\n","protected":false},"author":1,"featured_media":0,"comment_status":"open","ping_status":"open","sticky":false,"template":"","format":"standard","meta":{"_mi_skip_tracking":false,"_monsterinsights_sitenote_active":false,"_monsterinsights_sitenote_note":"","_monsterinsights_sitenote_category":0,"_s2mail":"","footnotes":""},"categories":[3],"tags":[],"class_list":["post-313","post","type-post","status-publish","format-standard","hentry","category-llengua"],"jetpack_featured_media_url":"","_links":{"self":[{"href":"https:\/\/bibiloni.cat\/blog\/wp-json\/wp\/v2\/posts\/313","targetHints":{"allow":["GET"]}}],"collection":[{"href":"https:\/\/bibiloni.cat\/blog\/wp-json\/wp\/v2\/posts"}],"about":[{"href":"https:\/\/bibiloni.cat\/blog\/wp-json\/wp\/v2\/types\/post"}],"author":[{"embeddable":true,"href":"https:\/\/bibiloni.cat\/blog\/wp-json\/wp\/v2\/users\/1"}],"replies":[{"embeddable":true,"href":"https:\/\/bibiloni.cat\/blog\/wp-json\/wp\/v2\/comments?post=313"}],"version-history":[{"count":0,"href":"https:\/\/bibiloni.cat\/blog\/wp-json\/wp\/v2\/posts\/313\/revisions"}],"wp:attachment":[{"href":"https:\/\/bibiloni.cat\/blog\/wp-json\/wp\/v2\/media?parent=313"}],"wp:term":[{"taxonomy":"category","embeddable":true,"href":"https:\/\/bibiloni.cat\/blog\/wp-json\/wp\/v2\/categories?post=313"},{"taxonomy":"post_tag","embeddable":true,"href":"https:\/\/bibiloni.cat\/blog\/wp-json\/wp\/v2\/tags?post=313"}],"curies":[{"name":"wp","href":"https:\/\/api.w.org\/{rel}","templated":true}]}}