{"id":281,"date":"2007-07-16T17:11:31","date_gmt":"2007-07-16T15:11:31","guid":{"rendered":"http:\/\/bibiloni.cat\/blog\/?p=281"},"modified":"2007-07-16T17:54:28","modified_gmt":"2007-07-16T15:54:28","slug":"el-psoe-balear-ha-de-triar","status":"publish","type":"post","link":"https:\/\/bibiloni.cat\/blog\/el-psoe-balear-ha-de-triar\/","title":{"rendered":"El PSOE balear ha de triar"},"content":{"rendered":"<p><img loading=\"lazy\" decoding=\"async\" style=\"width: 272px; height: 192px\" height=\"192\" src=\"http:\/\/bibiloni.cat\/blog\/imatges\/psoe_illes_nuevostiempos.jpeg\" width=\"272\" \/>Potser s\u00ed que el <a href=\"http:\/\/www.psoe.es\/ambito\/islasbaleares\/news\/index.do\" target=\"_blank\">PSOE balear<\/a> fa el que fa perqu\u00e8 vol espolsar-se una imatge de catalanisme, que aniria \u2014diuen\u2014 en contra dels seus interessos electorals. N&#8217;hi ha, fins i tot, que diuen que s\u00f3n ordres de Madrid. Si encara el PSOE pogu\u00e9s donar la imatge que fos per\u00f2 per davall anar fent feina per la normalitzaci\u00f3 ling\u00fc\u00edstica&#8230; Per\u00f2 no: la seva imatge \u2014que ara \u00e9s la imatge del Govern\u2014 \u00e9s part essencial de la normalitzaci\u00f3 o desnormalitzaci\u00f3. El PSOE ha de triar.<\/p>\n","protected":false},"excerpt":{"rendered":"<p>Potser s\u00ed que el PSOE balear fa el que fa perqu\u00e8 vol espolsar-se una imatge de catalanisme, que aniria \u2014diuen\u2014 en contra dels seus interessos electorals. N&#8217;hi ha, fins i tot, que diuen que s\u00f3n ordres de Madrid. Si encara el PSOE pogu\u00e9s donar la imatge que fos per\u00f2 per davall anar fent feina per [&hellip;]<\/p>\n","protected":false},"author":1,"featured_media":0,"comment_status":"open","ping_status":"open","sticky":false,"template":"","format":"standard","meta":{"_mi_skip_tracking":false,"_monsterinsights_sitenote_active":false,"_monsterinsights_sitenote_note":"","_monsterinsights_sitenote_category":0,"_s2mail":"","footnotes":""},"categories":[3],"tags":[],"class_list":["post-281","post","type-post","status-publish","format-standard","hentry","category-llengua"],"jetpack_featured_media_url":"","_links":{"self":[{"href":"https:\/\/bibiloni.cat\/blog\/wp-json\/wp\/v2\/posts\/281","targetHints":{"allow":["GET"]}}],"collection":[{"href":"https:\/\/bibiloni.cat\/blog\/wp-json\/wp\/v2\/posts"}],"about":[{"href":"https:\/\/bibiloni.cat\/blog\/wp-json\/wp\/v2\/types\/post"}],"author":[{"embeddable":true,"href":"https:\/\/bibiloni.cat\/blog\/wp-json\/wp\/v2\/users\/1"}],"replies":[{"embeddable":true,"href":"https:\/\/bibiloni.cat\/blog\/wp-json\/wp\/v2\/comments?post=281"}],"version-history":[{"count":0,"href":"https:\/\/bibiloni.cat\/blog\/wp-json\/wp\/v2\/posts\/281\/revisions"}],"wp:attachment":[{"href":"https:\/\/bibiloni.cat\/blog\/wp-json\/wp\/v2\/media?parent=281"}],"wp:term":[{"taxonomy":"category","embeddable":true,"href":"https:\/\/bibiloni.cat\/blog\/wp-json\/wp\/v2\/categories?post=281"},{"taxonomy":"post_tag","embeddable":true,"href":"https:\/\/bibiloni.cat\/blog\/wp-json\/wp\/v2\/tags?post=281"}],"curies":[{"name":"wp","href":"https:\/\/api.w.org\/{rel}","templated":true}]}}