{"id":279,"date":"2007-07-12T12:06:15","date_gmt":"2007-07-12T10:06:15","guid":{"rendered":"http:\/\/bibiloni.cat\/blog\/?p=279"},"modified":"2007-07-12T12:06:15","modified_gmt":"2007-07-12T10:06:15","slug":"el-govern-que-ha-de-defensar-el-catala-parla-en-castella","status":"publish","type":"post","link":"https:\/\/bibiloni.cat\/blog\/el-govern-que-ha-de-defensar-el-catala-parla-en-castella\/","title":{"rendered":"El Govern que ha de defensar el catal\u00e0 parla en castell\u00e0"},"content":{"rendered":"<p><img decoding=\"async\" src=\"http:\/\/www.caib.es\/webcaib\/sac\/curriculum\/img\/petit_8.jpg\" \/>Margarita N\u00e1jera \u00e9s la portaveu del nou Govern de les Illes Balears, que avui s&#8217;ha estrenat \u2014ella\u2014 en la seva feina. De la mateixa manera que all\u00f2 que diu la portaveu \u00e9s el que diu el Govern, la llengua en qu\u00e8 s&#8217;expressa la portaveu \u00e9s la llengua en qu\u00e8 s&#8217;expressa el Govern. La portaveu d&#8217;un executiu que surt d&#8217;un pacte entre forces que han signat un comprom\u00eds de defensa de la llengua i la identitat, avui s&#8217;ha expressat en castell\u00e0, incomplint el decret 100\/1990, que estableix que &#8220;Els c\u00e0rrecs de l&#8217;Administraci\u00f3 de la CAIB de les Illes Balears s&#8217;han d&#8217;expressar normalment en catal\u00e0 en els actes p\u00fablics celebrats a les Illes Balears, sempre que la intervenci\u00f3 sigui per cas del propi c\u00e0rrec&#8221;. \u00c9s un doble error: una, que el Govern no pot anar en contra dels seus mateixos principis, i, una altra, que els membres d&#8217;un\u00a0Govern de sanejament democr\u00e0tic no poden imcomplir la llei.<\/p>\n<p>En un post recent lament\u00e0vem que el portaveu del PSOE en el Parlament de les Illes s&#8217;express\u00e0s en castell\u00e0. La cosa d&#8217;avui t\u00e9 m\u00e9s tela: la senyora portaveu \u2014que fa trenta-tres anys que viu a Mallorca\u2014 tamb\u00e9 parla en nom de les conselleries del PSM, d&#8217;Uni\u00f3 Mallorquina, d&#8217;Esquerra Unida\u00a0i d&#8217;Esquerra Republicana.<\/p>\n<p>Ai, ai, ai, que la cosa no comen\u00e7a gaire b\u00e9.<\/p>\n","protected":false},"excerpt":{"rendered":"<p>Margarita N\u00e1jera \u00e9s la portaveu del nou Govern de les Illes Balears, que avui s&#8217;ha estrenat \u2014ella\u2014 en la seva feina. De la mateixa manera que all\u00f2 que diu la portaveu \u00e9s el que diu el Govern, la llengua en qu\u00e8 s&#8217;expressa la portaveu \u00e9s la llengua en qu\u00e8 s&#8217;expressa el Govern. La portaveu d&#8217;un [&hellip;]<\/p>\n","protected":false},"author":1,"featured_media":0,"comment_status":"open","ping_status":"open","sticky":false,"template":"","format":"standard","meta":{"_mi_skip_tracking":false,"_monsterinsights_sitenote_active":false,"_monsterinsights_sitenote_note":"","_monsterinsights_sitenote_category":0,"_s2mail":"","footnotes":""},"categories":[3],"tags":[],"class_list":["post-279","post","type-post","status-publish","format-standard","hentry","category-llengua"],"jetpack_featured_media_url":"","_links":{"self":[{"href":"https:\/\/bibiloni.cat\/blog\/wp-json\/wp\/v2\/posts\/279","targetHints":{"allow":["GET"]}}],"collection":[{"href":"https:\/\/bibiloni.cat\/blog\/wp-json\/wp\/v2\/posts"}],"about":[{"href":"https:\/\/bibiloni.cat\/blog\/wp-json\/wp\/v2\/types\/post"}],"author":[{"embeddable":true,"href":"https:\/\/bibiloni.cat\/blog\/wp-json\/wp\/v2\/users\/1"}],"replies":[{"embeddable":true,"href":"https:\/\/bibiloni.cat\/blog\/wp-json\/wp\/v2\/comments?post=279"}],"version-history":[{"count":0,"href":"https:\/\/bibiloni.cat\/blog\/wp-json\/wp\/v2\/posts\/279\/revisions"}],"wp:attachment":[{"href":"https:\/\/bibiloni.cat\/blog\/wp-json\/wp\/v2\/media?parent=279"}],"wp:term":[{"taxonomy":"category","embeddable":true,"href":"https:\/\/bibiloni.cat\/blog\/wp-json\/wp\/v2\/categories?post=279"},{"taxonomy":"post_tag","embeddable":true,"href":"https:\/\/bibiloni.cat\/blog\/wp-json\/wp\/v2\/tags?post=279"}],"curies":[{"name":"wp","href":"https:\/\/api.w.org\/{rel}","templated":true}]}}