{"id":276,"date":"2007-07-10T09:41:52","date_gmt":"2007-07-10T07:41:52","guid":{"rendered":"http:\/\/bibiloni.cat\/blog\/?p=276"},"modified":"2007-07-10T09:52:19","modified_gmt":"2007-07-10T07:52:19","slug":"el-darrer-numero","status":"publish","type":"post","link":"https:\/\/bibiloni.cat\/blog\/el-darrer-numero\/","title":{"rendered":"El darrer n\u00famero d&#8217;un trist sainet"},"content":{"rendered":"<p>Al meu ex-alumne i ex-amic Miquel Meli\u00e0, director general de pol\u00edtica ling\u00fc\u00edstica del Govern balear durant la darrera i tr\u00e0gica legislatura, li ha arribat l&#8217;hora dels ad\u00e9us. Va ser un dels primers alumnes que vaig tenir quan vaig comen\u00e7ar a fer classes a la Universitat de les Illes Balears. Professor i alumne \u00e9rem dos jovenel\u00b7los que sort\u00edem de copes amb altres de semblants i dedic\u00e0vem hores i hores a tota mena de campanyes i mobilitzacions, a lluitar per la llengua i pel pa\u00eds, un pa\u00eds al qual ell ha acabat traint, potser sense acabar-ho d&#8217;entendre. Fa la impressi\u00f3 que l&#8217;aparent alumne brillant que enlairava la senyera de les quatre barres posse\u00eft per l&#8217;entusiasme m\u00e9s abrandat no ha acabat d&#8217;entendre res mai. Ni deu entendre que ara posa la guinda al rid\u00edcul que ha fet durant quatre anys quan, ni que fos el president de la Rep\u00fablica, gosa adre\u00e7ar per mitj\u00e0 de la premsa una <a href=\"http:\/\/www.diaridebalears.com\/opinio.shtml?3216+6+185679\" target=\"_blank\">lletra de comiat<\/a>\u00a0&#8220;als ciutadans de les Illes Balears&#8221; amb els tons solemnials d&#8217;un discurs a la naci\u00f3 d&#8217;aquests que surten de les altes jerarquies. Es deu creure all\u00f2 que hi diu, que gr\u00e0cies a la seva gesti\u00f3 la llengua catalana ara es troba a una estirada de bra\u00e7 de l&#8217;anhelada normalitat. Per\u00f2, tanmateix, no li agrairan res ni els qui l&#8217;han utilitzat ni els qui haurien pogut ser els seus, que ara m\u00e9s que mai li giraran l&#8217;esquena. Tampoc no ho entendr\u00e0.\u00a0La llarg\u00e0ria excessiva de la vanitat, combinada amb la\u00a0brevetat de la clarivid\u00e8ncia, pot fer molt de mal a un mateix i als altres.<\/p>\n","protected":false},"excerpt":{"rendered":"<p>Al meu ex-alumne i ex-amic Miquel Meli\u00e0, director general de pol\u00edtica ling\u00fc\u00edstica del Govern balear durant la darrera i tr\u00e0gica legislatura, li ha arribat l&#8217;hora dels ad\u00e9us. Va ser un dels primers alumnes que vaig tenir quan vaig comen\u00e7ar a fer classes a la Universitat de les Illes Balears. Professor i alumne \u00e9rem dos jovenel\u00b7los [&hellip;]<\/p>\n","protected":false},"author":1,"featured_media":0,"comment_status":"open","ping_status":"open","sticky":false,"template":"","format":"standard","meta":{"_mi_skip_tracking":false,"_monsterinsights_sitenote_active":false,"_monsterinsights_sitenote_note":"","_monsterinsights_sitenote_category":0,"_s2mail":"","footnotes":""},"categories":[3],"tags":[],"class_list":["post-276","post","type-post","status-publish","format-standard","hentry","category-llengua"],"jetpack_featured_media_url":"","_links":{"self":[{"href":"https:\/\/bibiloni.cat\/blog\/wp-json\/wp\/v2\/posts\/276","targetHints":{"allow":["GET"]}}],"collection":[{"href":"https:\/\/bibiloni.cat\/blog\/wp-json\/wp\/v2\/posts"}],"about":[{"href":"https:\/\/bibiloni.cat\/blog\/wp-json\/wp\/v2\/types\/post"}],"author":[{"embeddable":true,"href":"https:\/\/bibiloni.cat\/blog\/wp-json\/wp\/v2\/users\/1"}],"replies":[{"embeddable":true,"href":"https:\/\/bibiloni.cat\/blog\/wp-json\/wp\/v2\/comments?post=276"}],"version-history":[{"count":0,"href":"https:\/\/bibiloni.cat\/blog\/wp-json\/wp\/v2\/posts\/276\/revisions"}],"wp:attachment":[{"href":"https:\/\/bibiloni.cat\/blog\/wp-json\/wp\/v2\/media?parent=276"}],"wp:term":[{"taxonomy":"category","embeddable":true,"href":"https:\/\/bibiloni.cat\/blog\/wp-json\/wp\/v2\/categories?post=276"},{"taxonomy":"post_tag","embeddable":true,"href":"https:\/\/bibiloni.cat\/blog\/wp-json\/wp\/v2\/tags?post=276"}],"curies":[{"name":"wp","href":"https:\/\/api.w.org\/{rel}","templated":true}]}}