{"id":274,"date":"2007-07-09T19:09:24","date_gmt":"2007-07-09T17:09:24","guid":{"rendered":"http:\/\/bibiloni.cat\/blog\/?p=274"},"modified":"2007-07-10T04:32:18","modified_gmt":"2007-07-10T02:32:18","slug":"la-imposicio-del-catala-la-demagogia-que-torna-i-retorna","status":"publish","type":"post","link":"https:\/\/bibiloni.cat\/blog\/la-imposicio-del-catala-la-demagogia-que-torna-i-retorna\/","title":{"rendered":"La imposici\u00f3 del catal\u00e0: la demag\u00f2gia que torna i retorna"},"content":{"rendered":"<p>Si l&#8217;Estatut de Catalunya (art. 35) diu que &#8220;El catal\u00e0 s\u2019ha d\u2019utilitzar normalment com a llengua vehicular i d\u2019aprenentatge en l\u2019ensenyament universitari i en el no universitari&#8221;, a qu\u00e8 v\u00e9nen els escarafalls davant una cosa tan\u00a0coherent com que alg\u00fa proposi que els professors parlin als alumnes en catal\u00e0 normalment en els recintes escolars? Si els professors parlen com els ve en gana, no es complir\u00e0 el que diu l&#8217;Estatut, que, com tota llei, sembla que ha estat feta per a ser complida.<\/p>\n<p>Tampoc no puc entendre, tenint en compte el mandat estatutari, que el Govern de la Generalitat es proposi implantar un decret \u2014si no ho he llegit malament o alguna cosa no em falla\u2014 on es diu que &#8220;d&#8217;acord amb el projecte ling\u00fc\u00edstic els centres podran impartir continguts d&#8217;\u00e0rees no ling\u00fc\u00edstiques en castell\u00e0 o en una llengua estrangera&#8221;, sense ni tan sols fixar un m\u00e0xim per a aquests ensenyaments. Quantes classes podran impartir en espanyol, el cinquanta per cent, el vuitanta?<\/p>\n<p class=\"MsoNormal\" style=\"margin: 0cm 0cm 0pt; mso-pagination: none; mso-layout-grid-align: none\">Tamb\u00e9 \u00e9s sorprenent que el conseller d&#8217;educaci\u00f3 torni a treure la can\u00e7\u00f3 de la <em>imposici\u00f3<\/em> del catal\u00e0. Una caracter\u00edstica b\u00e0sica de totes les lleng\u00fces normals \u00e9s que s&#8217;imposen implacablement. Aquell qui neix a Gr\u00e8cia o a Pol\u00f2nia no t\u00e9 opci\u00f3 ni llibertat de tria: li ser\u00e0 <em>imposat<\/em> el grec o el polon\u00e8s per a parlar amb els amics, els professors, la gent de la feina i la gent del carrer. Les \u00faniques lleng\u00fces no imposades al cent per cent s\u00f3n les que pateixen la\u00a0superposici\u00f3 d&#8217;un altre idioma importat i imposat per alguna ra\u00f3 de for\u00e7a. La can\u00e7oneta que diu que val m\u00e9s que la gent estimi volunt\u00e0riament el catal\u00e0 que no pas que li l&#8217;imposin no s&#8217;aguanta per cap cant\u00f3. Com\u00a0li agrada de dir a\u00a0un amic meu \u2014i jo faig meva la sent\u00e8ncia\u2014, el catal\u00e0 ser\u00e0 estimat volunt\u00e0riament per tothom nom\u00e9s quan estigui imposat pertot i ben imposat. Com totes les lleng\u00fces.<\/p>\n<p class=\"MsoNormal\" style=\"margin: 0cm 0cm 0pt; mso-pagination: none; mso-layout-grid-align: none\">\u00a0<\/p>\n","protected":false},"excerpt":{"rendered":"<p>Si l&#8217;Estatut de Catalunya (art. 35) diu que &#8220;El catal\u00e0 s\u2019ha d\u2019utilitzar normalment com a llengua vehicular i d\u2019aprenentatge en l\u2019ensenyament universitari i en el no universitari&#8221;, a qu\u00e8 v\u00e9nen els escarafalls davant una cosa tan\u00a0coherent com que alg\u00fa proposi que els professors parlin als alumnes en catal\u00e0 normalment en els recintes escolars? Si els [&hellip;]<\/p>\n","protected":false},"author":1,"featured_media":0,"comment_status":"open","ping_status":"open","sticky":false,"template":"","format":"standard","meta":{"_mi_skip_tracking":false,"_monsterinsights_sitenote_active":false,"_monsterinsights_sitenote_note":"","_monsterinsights_sitenote_category":0,"_s2mail":"","footnotes":""},"categories":[3],"tags":[],"class_list":["post-274","post","type-post","status-publish","format-standard","hentry","category-llengua"],"jetpack_featured_media_url":"","_links":{"self":[{"href":"https:\/\/bibiloni.cat\/blog\/wp-json\/wp\/v2\/posts\/274","targetHints":{"allow":["GET"]}}],"collection":[{"href":"https:\/\/bibiloni.cat\/blog\/wp-json\/wp\/v2\/posts"}],"about":[{"href":"https:\/\/bibiloni.cat\/blog\/wp-json\/wp\/v2\/types\/post"}],"author":[{"embeddable":true,"href":"https:\/\/bibiloni.cat\/blog\/wp-json\/wp\/v2\/users\/1"}],"replies":[{"embeddable":true,"href":"https:\/\/bibiloni.cat\/blog\/wp-json\/wp\/v2\/comments?post=274"}],"version-history":[{"count":0,"href":"https:\/\/bibiloni.cat\/blog\/wp-json\/wp\/v2\/posts\/274\/revisions"}],"wp:attachment":[{"href":"https:\/\/bibiloni.cat\/blog\/wp-json\/wp\/v2\/media?parent=274"}],"wp:term":[{"taxonomy":"category","embeddable":true,"href":"https:\/\/bibiloni.cat\/blog\/wp-json\/wp\/v2\/categories?post=274"},{"taxonomy":"post_tag","embeddable":true,"href":"https:\/\/bibiloni.cat\/blog\/wp-json\/wp\/v2\/tags?post=274"}],"curies":[{"name":"wp","href":"https:\/\/api.w.org\/{rel}","templated":true}]}}