{"id":271,"date":"2007-07-04T14:22:25","date_gmt":"2007-07-04T12:22:25","guid":{"rendered":"http:\/\/bibiloni.cat\/blog\/?p=271"},"modified":"2007-07-04T20:25:17","modified_gmt":"2007-07-04T18:25:17","slug":"ho-heu-espatllat-tot-senyor-dieguez","status":"publish","type":"post","link":"https:\/\/bibiloni.cat\/blog\/ho-heu-espatllat-tot-senyor-dieguez\/","title":{"rendered":"Heu espatllat la festa, senyor Di\u00e9guez"},"content":{"rendered":"<p><img decoding=\"async\" title=\"Antoni Di\u00e9guez\" alt=\"Antoni Di\u00e9guez\" src=\"http:\/\/www.psoe.es\/media\/000000046000\/000000046025.jpg\" \/>Pocs segons despr\u00e9s que el diputat Gabriel Barcel\u00f3 digu\u00e9s que un objectiu del nou Govern \u00e9s que tots els ciutadans de les Illes parlin la llengua pr\u00f2pia del pa\u00eds amb normalitat, despr\u00e9s que la diputada Mari\u00e1n Su\u00e1rez, d&#8217;Eivissa pel Canvi, hispanoparlant habitual, don\u00e0s una lli\u00e7\u00f3 d&#8217;aquesta normalitat parlant en catal\u00e0, amb evid\u00e8ncia de l&#8217;esfor\u00e7 i amb un marcat accent espanyol, despr\u00e9s que ahir el mateix candidat a president, senyor Antich,\u00a0parl\u00e0s de promoure i defensar el catal\u00e0 com a fita destacada del seu Govern, v\u00f3s, portaveu del partit que encap\u00e7ala\u00a0aquest Govern,\u00a0avui heu espatllat la festa. Com si no hagu\u00e9ssiu sentit a dir res de tot aix\u00f2, heu frustrat que el punt de partida d&#8217;aquesta legislatura, l&#8217;acte parlamentari d&#8217;investidura del nou president, fos una lli\u00e7\u00f3 de normalitat ling\u00fc\u00edstica, la que te\u00f2ricament la nova administraci\u00f3 ha de perseguir. Heu impedit que puguem dir que avui en el Parlament balear, en encetar una nova singladura,\u00a0tothom ha parlat en catal\u00e0 amb normalitat i sense cap problema. L&#8217;ideal que volem: la llengua per damunt els partits i al marge de les ideologies. Heu estat l&#8217;\u00fanica i trista excepci\u00f3. Com podem creure que aquest nou Govern vol que tothom parli catal\u00e0 amb normalitat si en el mateix Parlament no ho fa un valenci\u00e0 que fa un fotimer d&#8217;anys que \u00e9s a Mallorca? V\u00f3s podeu parlar perfectament en la llengua d&#8217;aquesta terra, per\u00f2 heu preferit alinear-vos amb els Delgado, el C\u00edrculo Balear, tota la tropa d&#8217;El Mundo i tots els qui menyspreen el catal\u00e0. Heu\u00a0pegat un cop baix a\u00a0un projecte de redre\u00e7ament ling\u00fc\u00edstic\u00a0que el vostre partit diu defensar i a la il\u00b7lusi\u00f3 que aquest projecte ha\u00a0fet brostar\u00a0en molts de ciutadans. El vostre partit t\u00e9 una cosa per a fer-se mirar urgentment.<\/p>\n","protected":false},"excerpt":{"rendered":"<p>Pocs segons despr\u00e9s que el diputat Gabriel Barcel\u00f3 digu\u00e9s que un objectiu del nou Govern \u00e9s que tots els ciutadans de les Illes parlin la llengua pr\u00f2pia del pa\u00eds amb normalitat, despr\u00e9s que la diputada Mari\u00e1n Su\u00e1rez, d&#8217;Eivissa pel Canvi, hispanoparlant habitual, don\u00e0s una lli\u00e7\u00f3 d&#8217;aquesta normalitat parlant en catal\u00e0, amb evid\u00e8ncia de l&#8217;esfor\u00e7 i [&hellip;]<\/p>\n","protected":false},"author":1,"featured_media":0,"comment_status":"open","ping_status":"open","sticky":false,"template":"","format":"standard","meta":{"_mi_skip_tracking":false,"_monsterinsights_sitenote_active":false,"_monsterinsights_sitenote_note":"","_monsterinsights_sitenote_category":0,"_s2mail":"","footnotes":""},"categories":[3],"tags":[],"class_list":["post-271","post","type-post","status-publish","format-standard","hentry","category-llengua"],"jetpack_featured_media_url":"","_links":{"self":[{"href":"https:\/\/bibiloni.cat\/blog\/wp-json\/wp\/v2\/posts\/271","targetHints":{"allow":["GET"]}}],"collection":[{"href":"https:\/\/bibiloni.cat\/blog\/wp-json\/wp\/v2\/posts"}],"about":[{"href":"https:\/\/bibiloni.cat\/blog\/wp-json\/wp\/v2\/types\/post"}],"author":[{"embeddable":true,"href":"https:\/\/bibiloni.cat\/blog\/wp-json\/wp\/v2\/users\/1"}],"replies":[{"embeddable":true,"href":"https:\/\/bibiloni.cat\/blog\/wp-json\/wp\/v2\/comments?post=271"}],"version-history":[{"count":0,"href":"https:\/\/bibiloni.cat\/blog\/wp-json\/wp\/v2\/posts\/271\/revisions"}],"wp:attachment":[{"href":"https:\/\/bibiloni.cat\/blog\/wp-json\/wp\/v2\/media?parent=271"}],"wp:term":[{"taxonomy":"category","embeddable":true,"href":"https:\/\/bibiloni.cat\/blog\/wp-json\/wp\/v2\/categories?post=271"},{"taxonomy":"post_tag","embeddable":true,"href":"https:\/\/bibiloni.cat\/blog\/wp-json\/wp\/v2\/tags?post=271"}],"curies":[{"name":"wp","href":"https:\/\/api.w.org\/{rel}","templated":true}]}}