{"id":240,"date":"2007-02-03T18:30:01","date_gmt":"2007-02-03T16:30:01","guid":{"rendered":"http:\/\/bibiloni.cat\/blog\/?p=240"},"modified":"2007-07-10T13:42:01","modified_gmt":"2007-07-10T11:42:01","slug":"curios-bilinguisme-senyor-matas","status":"publish","type":"post","link":"https:\/\/bibiloni.cat\/blog\/curios-bilinguisme-senyor-matas\/","title":{"rendered":"Curi\u00f3s biling\u00fcisme, senyor Matas"},"content":{"rendered":"<p><img decoding=\"async\" src=\"http:\/\/www.chez.com\/vipsgov\/es.palou.jpg\" \/>Ahir, a l&#8217;acte d&#8217;inauguraci\u00f3 \u2013benedicci\u00f3, d&#8217;una perspectiva m\u00e9s religiosa\u2013 del retaule de Miquel Barcel\u00f3, a la capella de Sant Pere, o del Sant\u00edssim, de la catedral de Mallorca, vam poder veure a on condueix el fam\u00f3s biling\u00fcisme del PP i del seu l\u00edder local, Jaume Matas. Despr\u00e9s d&#8217;una missa solemne a l&#8217;estil Murgui (la lit\u00fargia ritual en catal\u00e0 i all\u00f2 que s&#8217;havia d&#8217;entendre en biling\u00fce) es va fer la dita inauguraci\u00f3 o benedicci\u00f3, en la qual dues figures de la m\u00e9s r\u00e0ncia sofisteria biling\u00fcista, el caixer \u2013de la Caixa\u2013 i ex conseller de Cultura Conrado de Villalonga i el referit president Matas, pronunciaren sengles discursos. Tots dos en espanyol directe i sense manies. Llevat que considerem que el discurs, sobretot, del president fos una pe\u00e7a biling\u00fce. Perqu\u00e8 en el parlament, espanyol de cap a cap, Matas hi va incrustar algunes cosetes en catal\u00e0, s\u00ed: el nom de la Seu \u2013amb una e ben oberta\u2013, els sintagmes <em>Ajuntament de Palma<\/em>, <em>Consell de Mallorca<\/em>, <em>Illes Balears<\/em>, el t\u00edtol del bisbe \u2013<em>excel\u00b7lent\u00edssim i reverend\u00edssim senyor bisbe<\/em>\u2013, unes paraules adre\u00e7ades a Barcel\u00f3 \u2013<em>gr\u00e0cies, Miquel, per estimar sa teva terra i sa teva gent<\/em>\u2013 i finalment uns versos d&#8217;un poeta que no puc recordar \u2013sense passar-los, encertadament, pel seu corrector autom\u00e0tic habitual i doncs sense salar-los.<\/p>\n<p>Nihil novum sub sole baliarico: un cop m\u00e9s tenim una mostra de la pol\u00edtica ling\u00fc\u00edstica que practica el PP balear, l&#8217;exercici sistem\u00e0tic de la vergonya de la pr\u00f2pia llengua i el vassallatge davant el foraster; la idea \u2013creguda i laboriosament inculcada en els altres\u2013 que la llengua del pa\u00eds no \u00e9s prou digna per a mantenir-la amb el cap alt davant el rei d&#8217;Espanya o de qui sigui. La grandesa de l&#8217;acte i de la Seu que l&#8217;aixoplugava no pogu\u00e9 tenir correspond\u00e8ncia amb la consideraci\u00f3 del catal\u00e0 de Mallorca com un idioma de la mateixa dignitat i categoria que el temple majestu\u00f3s constru\u00eft pels nostres avantpassats, i hagu\u00e9 d&#8217;arrufar-se a un rac\u00f3 com una ventafocs esporuguida. Aquest \u00e9s el seu biling\u00fcisme. Nom\u00e9s el rector de la Universitat va mantenir la dignitat de la seva instituci\u00f3 i de la gent assenyada d&#8217;aquesta terra.<\/p>\n","protected":false},"excerpt":{"rendered":"<p>Ahir, a l&#8217;acte d&#8217;inauguraci\u00f3 \u2013benedicci\u00f3, d&#8217;una perspectiva m\u00e9s religiosa\u2013 del retaule de Miquel Barcel\u00f3, a la capella de Sant Pere, o del Sant\u00edssim, de la catedral de Mallorca, vam poder veure a on condueix el fam\u00f3s biling\u00fcisme del PP i del seu l\u00edder local, Jaume Matas. Despr\u00e9s d&#8217;una missa solemne a l&#8217;estil Murgui (la lit\u00fargia [&hellip;]<\/p>\n","protected":false},"author":1,"featured_media":0,"comment_status":"open","ping_status":"open","sticky":false,"template":"","format":"standard","meta":{"_mi_skip_tracking":false,"_monsterinsights_sitenote_active":false,"_monsterinsights_sitenote_note":"","_monsterinsights_sitenote_category":0,"_s2mail":"","footnotes":""},"categories":[3],"tags":[],"class_list":["post-240","post","type-post","status-publish","format-standard","hentry","category-llengua"],"jetpack_featured_media_url":"","_links":{"self":[{"href":"https:\/\/bibiloni.cat\/blog\/wp-json\/wp\/v2\/posts\/240","targetHints":{"allow":["GET"]}}],"collection":[{"href":"https:\/\/bibiloni.cat\/blog\/wp-json\/wp\/v2\/posts"}],"about":[{"href":"https:\/\/bibiloni.cat\/blog\/wp-json\/wp\/v2\/types\/post"}],"author":[{"embeddable":true,"href":"https:\/\/bibiloni.cat\/blog\/wp-json\/wp\/v2\/users\/1"}],"replies":[{"embeddable":true,"href":"https:\/\/bibiloni.cat\/blog\/wp-json\/wp\/v2\/comments?post=240"}],"version-history":[{"count":0,"href":"https:\/\/bibiloni.cat\/blog\/wp-json\/wp\/v2\/posts\/240\/revisions"}],"wp:attachment":[{"href":"https:\/\/bibiloni.cat\/blog\/wp-json\/wp\/v2\/media?parent=240"}],"wp:term":[{"taxonomy":"category","embeddable":true,"href":"https:\/\/bibiloni.cat\/blog\/wp-json\/wp\/v2\/categories?post=240"},{"taxonomy":"post_tag","embeddable":true,"href":"https:\/\/bibiloni.cat\/blog\/wp-json\/wp\/v2\/tags?post=240"}],"curies":[{"name":"wp","href":"https:\/\/api.w.org\/{rel}","templated":true}]}}