{"id":204,"date":"2006-09-19T19:26:53","date_gmt":"2006-09-19T17:26:53","guid":{"rendered":"http:\/\/bibiloni.cat\/blog\/?p=204"},"modified":"2006-09-20T14:37:59","modified_gmt":"2006-09-20T12:37:59","slug":"de-premis-i-serveis-prestats","status":"publish","type":"post","link":"https:\/\/bibiloni.cat\/blog\/de-premis-i-serveis-prestats\/","title":{"rendered":"De premis i serveis prestats"},"content":{"rendered":"<p>Josep Segura Salado est\u00e0 fell\u00f3, segons es pot veure en el <a target=\"_blank\" href=\"http:\/\/www.diaridebalears.com\/opinio.shtml?-1+6+168625\">Diari de Balears<\/a> d&#8217;avui. No per la vergonya que ha hagut de passar despr\u00e9s que la premsa inform\u00e0s que havia sostret uns quants milers de documents de l&#8217;Arxiu del Regne de Mallorca, sin\u00f3 per un motiu ben diferent. Durant la Transici\u00f3 va erigir-se en incansable defensor de la bandera amb morat i castellet, tema sobre el qual arrib\u00e0 a publicar un opuscle (<em>El regne de Mallorca. La bandera i l&#8217;escut de les Balears<\/em>, Edicions Cort, 1980), i ara el premi Jaume II per la feineta se l&#8217;ha endut el sof\u00edstic teat\u00ed Gabriel Llompart, un altre &#8220;pare&#8221; de la discutida senyera, autor del dictamen encarregat pel Consell General Interinsular (1980) que havia de servir de base (excusa) a l&#8217;<em>stablishment<\/em> per a oficialitzar l&#8217;ensenya. Segura Salado afirma que tot el que diu Llompart ja ho havia dit ell molt abans, cosa que \u00e9s rigorosament certa. Per\u00f2 tamb\u00e9 \u00e9s cert que el que diuen un i altre ja ho havia dit tot el veritable inventor de la bandereta, el cronista Benet Pons i F\u00e0bregues (<em>La bandera de la ciudad de Mallorca<\/em>, 1906), que \u00e9s el m\u00e9s perjudicat en aquesta hist\u00f2ria del premis i pagament de serveis. En definitiva, a partir de Pons i F\u00e0bregues tots els moradistes s&#8217;han limitat a repetir t\u00f2pics, dois i fantasies, sense aportar la m\u00e9s m\u00ednima prova de l&#8217;\u00fas de la bandera en q\u00fcesti\u00f3 abans de 1906.<br \/>\nPer\u00f2 no us preocupeu, senyor Salado, aix\u00f2 funciona aix\u00ed. Tampoc no ha rebut cap premi Ramon Rossell\u00f3 Vaquer, que va escarrassar-se per posar en evid\u00e8ncia la mentida (<em>La bandera, l&#8217;escut<\/em>, 1981 i 1983). I jo tamb\u00e9 he fet unes <a target=\"_blank\" href=\"http:\/\/bibiloni.cat\/simbols\">p\u00e0gines web<\/a> ben mones sobre els s\u00edmbols dels mallorquins, que m&#8217;han dut una feinada, i en aquests dies passats de carnaval vexil\u00b7logr\u00e0fic ning\u00fa no hi ha fet la m\u00e9s m\u00ednima refer\u00e8ncia en cap mitj\u00e0 de comunicaci\u00f3, ni el dels meus, i no em queix. En aquest pa\u00eds \u00e9s un error cabdal treballar pensant que alg\u00fa t&#8217;ho reconeixer\u00e0. Potser quan estarem cansats de ser ossa pelada s&#8217;acomplir\u00e0 aquella sent\u00e8ncia tan pomposa que diu que la hist\u00f2ria posa cadasc\u00fa en el seu lloc. O no.<\/p>\n<p>[actualitzaci\u00f3 20 set] Ep, he de fer una rectificaci\u00f3: alguna refer\u00e8ncia a aquestes p\u00e0gines (encara que no se citi l&#8217;adre\u00e7a) ha aparegut als mitjans de comunicaci\u00f3. <a target=\"_blank\" href=\"http:\/\/www.diariodemallorca.es\/secciones\/noticia.jsp?pNumEjemplar=1292&#038;pIdSeccion=16&#038;pIdNoticia=210475\">Aqu\u00ed<\/a>. Doncs gr\u00e0cies.<\/p>\n","protected":false},"excerpt":{"rendered":"<p>Josep Segura Salado est\u00e0 fell\u00f3, segons es pot veure en el Diari de Balears d&#8217;avui. No per la vergonya que ha hagut de passar despr\u00e9s que la premsa inform\u00e0s que havia sostret uns quants milers de documents de l&#8217;Arxiu del Regne de Mallorca, sin\u00f3 per un motiu ben diferent. Durant la Transici\u00f3 va erigir-se en [&hellip;]<\/p>\n","protected":false},"author":1,"featured_media":0,"comment_status":"open","ping_status":"open","sticky":false,"template":"","format":"standard","meta":{"_mi_skip_tracking":false,"_monsterinsights_sitenote_active":false,"_monsterinsights_sitenote_note":"","_monsterinsights_sitenote_category":0,"_s2mail":"","footnotes":""},"categories":[1],"tags":[],"class_list":["post-204","post","type-post","status-publish","format-standard","hentry","category-varia"],"jetpack_featured_media_url":"","_links":{"self":[{"href":"https:\/\/bibiloni.cat\/blog\/wp-json\/wp\/v2\/posts\/204","targetHints":{"allow":["GET"]}}],"collection":[{"href":"https:\/\/bibiloni.cat\/blog\/wp-json\/wp\/v2\/posts"}],"about":[{"href":"https:\/\/bibiloni.cat\/blog\/wp-json\/wp\/v2\/types\/post"}],"author":[{"embeddable":true,"href":"https:\/\/bibiloni.cat\/blog\/wp-json\/wp\/v2\/users\/1"}],"replies":[{"embeddable":true,"href":"https:\/\/bibiloni.cat\/blog\/wp-json\/wp\/v2\/comments?post=204"}],"version-history":[{"count":0,"href":"https:\/\/bibiloni.cat\/blog\/wp-json\/wp\/v2\/posts\/204\/revisions"}],"wp:attachment":[{"href":"https:\/\/bibiloni.cat\/blog\/wp-json\/wp\/v2\/media?parent=204"}],"wp:term":[{"taxonomy":"category","embeddable":true,"href":"https:\/\/bibiloni.cat\/blog\/wp-json\/wp\/v2\/categories?post=204"},{"taxonomy":"post_tag","embeddable":true,"href":"https:\/\/bibiloni.cat\/blog\/wp-json\/wp\/v2\/tags?post=204"}],"curies":[{"name":"wp","href":"https:\/\/api.w.org\/{rel}","templated":true}]}}