{"id":176,"date":"2006-05-17T19:55:13","date_gmt":"2006-05-17T17:55:13","guid":{"rendered":"http:\/\/bibiloni.net\/wordpress\/?p=176"},"modified":"2007-07-15T13:37:17","modified_gmt":"2007-07-15T11:37:17","slug":"mes-veus-contra-el-desbarat","status":"publish","type":"post","link":"https:\/\/bibiloni.cat\/blog\/mes-veus-contra-el-desbarat\/","title":{"rendered":"M\u00e9s veus contra el desbarat"},"content":{"rendered":"<p>Com un discret per\u00f2 constant degot\u00eds van manifestant-se tots aquells que no es resignen amb els desbarats ortogr\u00e0fics que han fet de la blogosfera catalana un campi-qui-pugui terminol\u00f2gic indigne d&#8217;un pa\u00eds que ha donat a la ling\u00fc\u00edstica fabres, coromines, molls i alcovers (i molts d&#8217;altres). Aqu\u00ed en teniu <a href=\"http:\/\/entrellum.blogspot.com\/2006\/05\/per-fi-rebo-la-bstia.html\" target=\"_blank\"><font color=\"#e56701\">una altra mostra<\/font><\/a>, d&#8217;aquestes que ajuden a cordar-se les calces.<\/p>\n<p>[actualitzaci\u00f3, 30.05.06] La nota d&#8217;<a href=\"http:\/\/notesdediari.blocat.com\/\" target=\"_blank\"><font color=\"#e56701\">Amadeu Corbera<\/font><\/a>, <a href=\"http:\/\/notesdediari.blocat.com\/post\/3870\/76103\" target=\"_blank\"><font color=\"#e56701\">El BLOC als blogs<\/font><\/a> em suggereix aquesta actualitzaci\u00f3, per\u00f2 en <a href=\"http:\/\/blog.bitassa.cat\/arxiu\/2006\/05\/30\/498\/\" target=\"_blank\"><font color=\"#e56701\">Benjam\u00ed<\/font><\/a> se m&#8217;ha avan\u00e7at a dir el que jo volia dir. Ara que a Mallorca tot el discurs pol\u00edtic va de bloc per amunt i bloc per avall, alguns bloguistes que s&#8217;aferren a l&#8217;error colossal del Termcat faran ballar les neurones dels pobres lectors en multitud de vegades que hauran de cavil\u00b7lar si un <em>bloc<\/em> \u00e9s un weblog o el nou &#8220;subjecte pol\u00edtic&#8221; que aquests dies ens ha tret de l&#8217;ensopiment.<\/p>\n","protected":false},"excerpt":{"rendered":"<p>Com un discret per\u00f2 constant degot\u00eds van manifestant-se tots aquells que no es resignen amb els desbarats ortogr\u00e0fics que han fet de la blogosfera catalana un campi-qui-pugui terminol\u00f2gic indigne d&#8217;un pa\u00eds que ha donat a la ling\u00fc\u00edstica fabres, coromines, molls i alcovers (i molts d&#8217;altres). Aqu\u00ed en teniu una altra mostra, d&#8217;aquestes que ajuden a [&hellip;]<\/p>\n","protected":false},"author":1,"featured_media":0,"comment_status":"open","ping_status":"closed","sticky":false,"template":"","format":"standard","meta":{"_mi_skip_tracking":false,"_monsterinsights_sitenote_active":false,"_monsterinsights_sitenote_note":"","_monsterinsights_sitenote_category":0,"_s2mail":"","footnotes":""},"categories":[3],"tags":[],"class_list":["post-176","post","type-post","status-publish","format-standard","hentry","category-llengua"],"jetpack_featured_media_url":"","_links":{"self":[{"href":"https:\/\/bibiloni.cat\/blog\/wp-json\/wp\/v2\/posts\/176","targetHints":{"allow":["GET"]}}],"collection":[{"href":"https:\/\/bibiloni.cat\/blog\/wp-json\/wp\/v2\/posts"}],"about":[{"href":"https:\/\/bibiloni.cat\/blog\/wp-json\/wp\/v2\/types\/post"}],"author":[{"embeddable":true,"href":"https:\/\/bibiloni.cat\/blog\/wp-json\/wp\/v2\/users\/1"}],"replies":[{"embeddable":true,"href":"https:\/\/bibiloni.cat\/blog\/wp-json\/wp\/v2\/comments?post=176"}],"version-history":[{"count":0,"href":"https:\/\/bibiloni.cat\/blog\/wp-json\/wp\/v2\/posts\/176\/revisions"}],"wp:attachment":[{"href":"https:\/\/bibiloni.cat\/blog\/wp-json\/wp\/v2\/media?parent=176"}],"wp:term":[{"taxonomy":"category","embeddable":true,"href":"https:\/\/bibiloni.cat\/blog\/wp-json\/wp\/v2\/categories?post=176"},{"taxonomy":"post_tag","embeddable":true,"href":"https:\/\/bibiloni.cat\/blog\/wp-json\/wp\/v2\/tags?post=176"}],"curies":[{"name":"wp","href":"https:\/\/api.w.org\/{rel}","templated":true}]}}