{"id":174,"date":"2006-05-13T10:56:17","date_gmt":"2006-05-13T08:56:17","guid":{"rendered":"http:\/\/bibiloni.net\/wordpress\/?p=174"},"modified":"2006-06-25T01:59:03","modified_gmt":"2006-06-24T23:59:03","slug":"odi","status":"publish","type":"post","link":"https:\/\/bibiloni.cat\/blog\/odi\/","title":{"rendered":"Odi?"},"content":{"rendered":"<p>El diari electr\u00f2nic <em>Libertad Digital<\/em>, portaveu de la caverna espanyola, em fa el favor de promocionar-me les meves p\u00e0gines, concretament el meu <a href=\"http:\/\/www.bibiloni.cat\/pp\" target=\"_blank\"><font color=\"#e56701\">dossier<\/font><\/a> sobre les agressions del PP a la llengua catalana, que els darrers dies ha registrat una pujada considerable del nombre de visites. L&#8217;article en q\u00fcesti\u00f3, titulat <a href=\"http:\/\/www.libertaddigital.com\/opiniones\/opi_desa_31377.html\" target=\"_blank\"><font color=\"#e56701\">Pedagog\u00eda del odio<\/font><\/a>, em d\u00f3na un recapte, tot i que indirectament, at\u00e8s que l&#8217;espolsada directa va contra la Generalitat de Catalunya, perqu\u00e8, segons l&#8217;autor, promociona el dit dossier a les seves <a href=\"http:\/\/www.xtec.es\/crp-baixllobregat6\/biblioweb\/catala.htm\" target=\"_blank\"><font color=\"#e56701\">p\u00e0gines<\/font><\/a> oficials.<\/p>\n<p>No negar\u00e9 que l&#8217;odi, igual que l&#8217;amor, \u00e9s part de la naturalesa humana, i que segurament acompanyar\u00e0 la humanitat mentre aquesta existeixi. Per\u00f2 pel que a mi respecta puc assegurar que sempre he sostingut un esfor\u00e7 perqu\u00e8 aquest sentiment no traspassi, de fora a dins, les meves fronteres personals. El meu dossier l&#8217;\u00fanic que fa \u00e9s mostrar uns fets objectius, simplement posant una al costat de l&#8217;altra les informacions que apareixen a les hemeroteques. Mostrar els intents d&#8217;esclafar el catal\u00e0, igual que mostrar la persecuci\u00f3 nazi dels jueus o la crueltat que segu\u00ed la guerra del 36 \u2013tot i que aqu\u00ed hi ha dist\u00e0ncies \u00f2bvies\u2013, no \u00e9s pedagogia de l&#8217;odi sin\u00f3 pedagogia contra l&#8217;odi. \u00c9s mostrar els camins que condueixen al sofriment i al desastre. D&#8217;altra banda, ja \u00e9s curi\u00f3s que els qui es queixen d&#8217;un suposat odi siguin els campions d&#8217;aquesta modalitat d&#8217;esport gens ol\u00edmpic: els promotors de la catalanof\u00f2bia, els dels boicots als productes catalans, els de la intoxicaci\u00f3 radiof\u00f2nica di\u00e0ria,&#8230; els qui envien comentaris a aquest blog com un de recent que no t\u00e9 altra cosa a aportar al di\u00e0leg que un &#8220;sois unos hijos de la gran puta&#8221;.<\/p>\n<p>Que ning\u00fa no dubti que els qui treballam per a resoldre el problema nacional dels Pa\u00efsos Catalans i per a la normalitzaci\u00f3 de la seva llengua i cultura, tamb\u00e9 estam treballant perqu\u00e8 desaparegui tota possibilitat d&#8217;odi entre dos pobles ve\u00efns entre els quals nom\u00e9s hi hauria d&#8217;haver bona fraternitat i bona col\u00b7laboraci\u00f3. Perqu\u00e8 aix\u00f2 nom\u00e9s estar\u00e0 garantit quan cadascun d&#8217;aquests dos pobles pugui ser plenament ell. L&#8217;odi d&#8217;Espanya contra Catalunya o l&#8217;odi de Catalunya contra Espanya s\u00f3n anomalies que haur\u00edem de veure superades per a sempre. No es perdr\u00e0 per la part d&#8217;aqu\u00ed.<\/p>\n","protected":false},"excerpt":{"rendered":"<p>El diari electr\u00f2nic Libertad Digital, portaveu de la caverna espanyola, em fa el favor de promocionar-me les meves p\u00e0gines, concretament el meu dossier sobre les agressions del PP a la llengua catalana, que els darrers dies ha registrat una pujada considerable del nombre de visites. L&#8217;article en q\u00fcesti\u00f3, titulat Pedagog\u00eda del odio, em d\u00f3na un [&hellip;]<\/p>\n","protected":false},"author":1,"featured_media":0,"comment_status":"open","ping_status":"closed","sticky":false,"template":"","format":"standard","meta":{"_mi_skip_tracking":false,"_monsterinsights_sitenote_active":false,"_monsterinsights_sitenote_note":"","_monsterinsights_sitenote_category":0,"_s2mail":"","footnotes":""},"categories":[1],"tags":[],"class_list":["post-174","post","type-post","status-publish","format-standard","hentry","category-varia"],"jetpack_featured_media_url":"","_links":{"self":[{"href":"https:\/\/bibiloni.cat\/blog\/wp-json\/wp\/v2\/posts\/174","targetHints":{"allow":["GET"]}}],"collection":[{"href":"https:\/\/bibiloni.cat\/blog\/wp-json\/wp\/v2\/posts"}],"about":[{"href":"https:\/\/bibiloni.cat\/blog\/wp-json\/wp\/v2\/types\/post"}],"author":[{"embeddable":true,"href":"https:\/\/bibiloni.cat\/blog\/wp-json\/wp\/v2\/users\/1"}],"replies":[{"embeddable":true,"href":"https:\/\/bibiloni.cat\/blog\/wp-json\/wp\/v2\/comments?post=174"}],"version-history":[{"count":0,"href":"https:\/\/bibiloni.cat\/blog\/wp-json\/wp\/v2\/posts\/174\/revisions"}],"wp:attachment":[{"href":"https:\/\/bibiloni.cat\/blog\/wp-json\/wp\/v2\/media?parent=174"}],"wp:term":[{"taxonomy":"category","embeddable":true,"href":"https:\/\/bibiloni.cat\/blog\/wp-json\/wp\/v2\/categories?post=174"},{"taxonomy":"post_tag","embeddable":true,"href":"https:\/\/bibiloni.cat\/blog\/wp-json\/wp\/v2\/tags?post=174"}],"curies":[{"name":"wp","href":"https:\/\/api.w.org\/{rel}","templated":true}]}}