{"id":173,"date":"2006-05-11T15:46:39","date_gmt":"2006-05-11T13:46:39","guid":{"rendered":"http:\/\/bibiloni.net\/wordpress\/?p=173"},"modified":"2007-07-15T13:39:11","modified_gmt":"2007-07-15T11:39:11","slug":"la-bloquesfera","status":"publish","type":"post","link":"https:\/\/bibiloni.cat\/blog\/la-bloquesfera\/","title":{"rendered":"La bloquesfera"},"content":{"rendered":"<p>Sa\u00fcl Gordillo t\u00e9 un <a href=\"http:\/\/blocs.mesvilaweb.cat\/bloc\/1955\" target=\"_blank\"><font color=\"#e56701\">blog<\/font><\/a> magn\u00edfic on no sols fa unes afinades an\u00e0lisis de l&#8217;actualitat pol\u00edtica, sin\u00f3 que \u00e9s una util\u00edssima guia per a navegar per altres blogs. Un plaer llegir-lo cada dia. I avui, en anar a cercar aquest plaer he topat amb una sorpresa que m&#8217;ha fet pegar un bot de la cadira: la paraula <em>blogosfera<\/em> apareixia substitu\u00efda per <em>bloquesfera<\/em>.<\/p>\n<p>No vas b\u00e9, amic. Les paraules acabades en <em>\u2013sfera<\/em> no volen a la primera part res que no siguin \u00e8tims originals. El teu invent \u00e9s quelcom aix\u00ed com si en lloc d&#8217;<em>hidrosfera<\/em> ens empesc\u00e0ssin un <em>aiguasfera<\/em>. La cosa tamb\u00e9 em recorda aquells fil\u00f2legs potiners de comen\u00e7ament del segle XX que propugnaven l&#8217;\u00fas de paraules com <em>llavial<\/em>, <em>cervellal<\/em>, <em>barbre<\/em>, <em>adjahent <\/em>i <em>vidal<\/em>, perqu\u00e8 <em>labial<\/em>, <em>cerebral<\/em>, <em>b\u00e0rbar<\/em>, <em>adjacent <\/em>i <em>vital <\/em>els semblaven massa iguals que l&#8217;espanyol.<\/p>\n<p>Per qu\u00e8 deu ser que moltes vegades els errors ling\u00fc\u00edstics els cometen els bons, com Gordillo o els de Vilaweb (aquests darrers, <a href=\"http:\/\/blocs.mesvilaweb.com\/node\/view\/12410\" target=\"_blank\"><font color=\"#e56701\">inventors<\/font><\/a> de la desgr\u00e0cia nacional del <em>bloc<\/em> transvestit ortogr\u00e0ficament). No seria m\u00e9s l\u00f2gic que s&#8217;errassin els dolents?<\/p>\n","protected":false},"excerpt":{"rendered":"<p>Sa\u00fcl Gordillo t\u00e9 un blog magn\u00edfic on no sols fa unes afinades an\u00e0lisis de l&#8217;actualitat pol\u00edtica, sin\u00f3 que \u00e9s una util\u00edssima guia per a navegar per altres blogs. Un plaer llegir-lo cada dia. I avui, en anar a cercar aquest plaer he topat amb una sorpresa que m&#8217;ha fet pegar un bot de la cadira: [&hellip;]<\/p>\n","protected":false},"author":1,"featured_media":0,"comment_status":"open","ping_status":"closed","sticky":false,"template":"","format":"standard","meta":{"_mi_skip_tracking":false,"_monsterinsights_sitenote_active":false,"_monsterinsights_sitenote_note":"","_monsterinsights_sitenote_category":0,"_s2mail":"","footnotes":""},"categories":[3],"tags":[],"class_list":["post-173","post","type-post","status-publish","format-standard","hentry","category-llengua"],"jetpack_featured_media_url":"","_links":{"self":[{"href":"https:\/\/bibiloni.cat\/blog\/wp-json\/wp\/v2\/posts\/173","targetHints":{"allow":["GET"]}}],"collection":[{"href":"https:\/\/bibiloni.cat\/blog\/wp-json\/wp\/v2\/posts"}],"about":[{"href":"https:\/\/bibiloni.cat\/blog\/wp-json\/wp\/v2\/types\/post"}],"author":[{"embeddable":true,"href":"https:\/\/bibiloni.cat\/blog\/wp-json\/wp\/v2\/users\/1"}],"replies":[{"embeddable":true,"href":"https:\/\/bibiloni.cat\/blog\/wp-json\/wp\/v2\/comments?post=173"}],"version-history":[{"count":0,"href":"https:\/\/bibiloni.cat\/blog\/wp-json\/wp\/v2\/posts\/173\/revisions"}],"wp:attachment":[{"href":"https:\/\/bibiloni.cat\/blog\/wp-json\/wp\/v2\/media?parent=173"}],"wp:term":[{"taxonomy":"category","embeddable":true,"href":"https:\/\/bibiloni.cat\/blog\/wp-json\/wp\/v2\/categories?post=173"},{"taxonomy":"post_tag","embeddable":true,"href":"https:\/\/bibiloni.cat\/blog\/wp-json\/wp\/v2\/tags?post=173"}],"curies":[{"name":"wp","href":"https:\/\/api.w.org\/{rel}","templated":true}]}}