{"id":161,"date":"2006-03-27T22:35:25","date_gmt":"2006-03-27T20:35:25","guid":{"rendered":"http:\/\/bibiloni.net\/wordpress\/?p=161"},"modified":"2008-10-11T17:48:41","modified_gmt":"2008-10-11T16:48:41","slug":"katala-de-butxaka","status":"publish","type":"post","link":"https:\/\/bibiloni.cat\/blog\/katala-de-butxaka\/","title":{"rendered":"katal\u00e0 de butxaka"},"content":{"rendered":"<p><img loading=\"lazy\" decoding=\"async\" src=\"http:\/\/www.bibiloni.net\/imatge\/butxaka.jpg\" border=\"0\" alt=\"\" width=\"400\" height=\"300\" \/><\/p>\n<p>Avui una mika d&#8217;humor. Els baskos ens van kopiar el d\u00edfraf <strong>tx<\/strong>, que els katalans utilitzam per a representar el so palatal afrikat ke altres eskriuen <strong>ch<\/strong>. Diuen ke Sabino Arana, bon koneixedor de Katalunya i el katal\u00e0 es va emportar akest d\u00edgraf de Barcelona al seu pa\u00eds. I kom ke \u00e9s de ben edukats ser agra\u00efts ara els baskos ens tornen el favor, obsekiant-nos amb un dels grafemes ke m\u00e9s els karakteritzen. Els ve\u00efns s\u00f3n per a ajudar-se kuan kal.<\/p>\n","protected":false},"excerpt":{"rendered":"<p>Avui una mika d&#8217;humor. Els baskos ens van kopiar el d\u00edfraf tx, que els katalans utilitzam per a representar el so palatal afrikat ke altres eskriuen ch. Diuen ke Sabino Arana, bon koneixedor de Katalunya i el katal\u00e0 es va emportar akest d\u00edgraf de Barcelona al seu pa\u00eds. I kom ke \u00e9s de ben edukats [&hellip;]<\/p>\n","protected":false},"author":1,"featured_media":0,"comment_status":"open","ping_status":"closed","sticky":false,"template":"","format":"standard","meta":{"_mi_skip_tracking":false,"_monsterinsights_sitenote_active":false,"_monsterinsights_sitenote_note":"","_monsterinsights_sitenote_category":0,"_s2mail":"","footnotes":""},"categories":[3],"tags":[],"class_list":["post-161","post","type-post","status-publish","format-standard","hentry","category-llengua"],"jetpack_featured_media_url":"","_links":{"self":[{"href":"https:\/\/bibiloni.cat\/blog\/wp-json\/wp\/v2\/posts\/161","targetHints":{"allow":["GET"]}}],"collection":[{"href":"https:\/\/bibiloni.cat\/blog\/wp-json\/wp\/v2\/posts"}],"about":[{"href":"https:\/\/bibiloni.cat\/blog\/wp-json\/wp\/v2\/types\/post"}],"author":[{"embeddable":true,"href":"https:\/\/bibiloni.cat\/blog\/wp-json\/wp\/v2\/users\/1"}],"replies":[{"embeddable":true,"href":"https:\/\/bibiloni.cat\/blog\/wp-json\/wp\/v2\/comments?post=161"}],"version-history":[{"count":1,"href":"https:\/\/bibiloni.cat\/blog\/wp-json\/wp\/v2\/posts\/161\/revisions"}],"predecessor-version":[{"id":501,"href":"https:\/\/bibiloni.cat\/blog\/wp-json\/wp\/v2\/posts\/161\/revisions\/501"}],"wp:attachment":[{"href":"https:\/\/bibiloni.cat\/blog\/wp-json\/wp\/v2\/media?parent=161"}],"wp:term":[{"taxonomy":"category","embeddable":true,"href":"https:\/\/bibiloni.cat\/blog\/wp-json\/wp\/v2\/categories?post=161"},{"taxonomy":"post_tag","embeddable":true,"href":"https:\/\/bibiloni.cat\/blog\/wp-json\/wp\/v2\/tags?post=161"}],"curies":[{"name":"wp","href":"https:\/\/api.w.org\/{rel}","templated":true}]}}