{"id":160,"date":"2006-03-24T22:08:25","date_gmt":"2006-03-24T20:08:25","guid":{"rendered":"http:\/\/bibiloni.net\/wordpress\/?p=160"},"modified":"2008-10-11T23:53:38","modified_gmt":"2008-10-11T22:53:38","slug":"limpossible-pluralisme-linguistic","status":"publish","type":"post","link":"https:\/\/bibiloni.cat\/blog\/limpossible-pluralisme-linguistic\/","title":{"rendered":"L&#8217;impossible pluralisme ling\u00fc\u00edstic"},"content":{"rendered":"<p>L&#8217;alto el foc d&#8217;ETA \u00e9s una not\u00edcia important, per\u00f2 els mitjans de comunicaci\u00f3 catalans, amb el gra massa que en fan estan donant una certa mostra de provincianisme. Tant que alguna altra not\u00edcia d&#8217;enorme import\u00e0ncia per al nostre pa\u00eds ha quedat completament silenciada i menystinguda (\u00e9s clar que segurament no sols per l&#8217;impacte dels esdeveniments bascos). Per exemple, el fet que el passat dia 21 el Congr\u00e9s dels Diputats espanyol va rebutjar l&#8217;admissi\u00f3 a tr\u00e0mit d&#8217;una proposici\u00f3 de llei presentada per Esquerra Republicana de Catalunya sobre &#8220;protecci\u00f3 i promoci\u00f3 de lleng\u00fces espanyoles distintes del castell\u00e0&#8221;. Igual que va passar amb el pla Ibarretxe, el Congr\u00e9s ni tan sols va acceptar debatre la proposta, que va tenir els vots en contra de PP i PSOE i els vots a favor de tots els altres grups.<br \/>\n\u00c9s evident que el pluralisme ling\u00fc\u00edstic a Espanya \u00e9s impossible. Igual que tot pluralisme cultural o nacional. Ja podem signar l&#8217;acta, que les proves estan totes fetes.<br \/>\nAdjunt als meus lectors dos documents de lectura recomanable: la proposici\u00f3 de llei i l&#8217;argumentaci\u00f3 de tots els grups pol\u00edtics en el Congr\u00e9s. La segona per sucar-hi pa.<\/p>\n<p><a href=\"http:\/\/www.congreso.es\/public_oficiales\/L8\/CONG\/BOCG\/B\/B_202-01.PDF\" target=\"_blank\">Proposta de llei<\/a><\/p>\n<p><a href=\"http:\/\/bibiloni.cat\/blog\/recursos\/debat_parlamentari_llei_llengues.htm\" target=\"_blank\">Debat parlamentari<\/a><\/p>\n","protected":false},"excerpt":{"rendered":"<p>L&#8217;alto el foc d&#8217;ETA \u00e9s una not\u00edcia important, per\u00f2 els mitjans de comunicaci\u00f3 catalans, amb el gra massa que en fan estan donant una certa mostra de provincianisme. Tant que alguna altra not\u00edcia d&#8217;enorme import\u00e0ncia per al nostre pa\u00eds ha quedat completament silenciada i menystinguda (\u00e9s clar que segurament no sols per l&#8217;impacte dels esdeveniments [&hellip;]<\/p>\n","protected":false},"author":1,"featured_media":0,"comment_status":"open","ping_status":"closed","sticky":false,"template":"","format":"standard","meta":{"_mi_skip_tracking":false,"_monsterinsights_sitenote_active":false,"_monsterinsights_sitenote_note":"","_monsterinsights_sitenote_category":0,"_s2mail":"","footnotes":""},"categories":[3],"tags":[],"class_list":["post-160","post","type-post","status-publish","format-standard","hentry","category-llengua"],"jetpack_featured_media_url":"","_links":{"self":[{"href":"https:\/\/bibiloni.cat\/blog\/wp-json\/wp\/v2\/posts\/160","targetHints":{"allow":["GET"]}}],"collection":[{"href":"https:\/\/bibiloni.cat\/blog\/wp-json\/wp\/v2\/posts"}],"about":[{"href":"https:\/\/bibiloni.cat\/blog\/wp-json\/wp\/v2\/types\/post"}],"author":[{"embeddable":true,"href":"https:\/\/bibiloni.cat\/blog\/wp-json\/wp\/v2\/users\/1"}],"replies":[{"embeddable":true,"href":"https:\/\/bibiloni.cat\/blog\/wp-json\/wp\/v2\/comments?post=160"}],"version-history":[{"count":4,"href":"https:\/\/bibiloni.cat\/blog\/wp-json\/wp\/v2\/posts\/160\/revisions"}],"predecessor-version":[{"id":718,"href":"https:\/\/bibiloni.cat\/blog\/wp-json\/wp\/v2\/posts\/160\/revisions\/718"}],"wp:attachment":[{"href":"https:\/\/bibiloni.cat\/blog\/wp-json\/wp\/v2\/media?parent=160"}],"wp:term":[{"taxonomy":"category","embeddable":true,"href":"https:\/\/bibiloni.cat\/blog\/wp-json\/wp\/v2\/categories?post=160"},{"taxonomy":"post_tag","embeddable":true,"href":"https:\/\/bibiloni.cat\/blog\/wp-json\/wp\/v2\/tags?post=160"}],"curies":[{"name":"wp","href":"https:\/\/api.w.org\/{rel}","templated":true}]}}