{"id":153,"date":"2006-02-21T08:34:25","date_gmt":"2006-02-21T06:34:25","guid":{"rendered":"http:\/\/bibiloni.net\/wordpress\/?p=153"},"modified":"2008-10-11T17:59:40","modified_gmt":"2008-10-11T16:59:40","slug":"problema-linguistic","status":"publish","type":"post","link":"https:\/\/bibiloni.cat\/blog\/problema-linguistic\/","title":{"rendered":"Problema ling\u00fc\u00edstic"},"content":{"rendered":"<p>Jaume Matas, aquest senyor que el mat\u00ed diu que el finan\u00e7ament que es preveu en l&#8217;Estatut de Catalunya \u00e9s nefast nefast i el vespre manifesta que vol per a les Illes el mateix finan\u00e7ament contra el qual recull signatures, <a href=\"http:\/\/bibiloni.net\/blog\/balears_190206.jpg\" target=\"_blank\"><span style=\"color: #e56701;\">ha dit<\/span><\/a> fa molt poc que a les Balears no hi ha problema ling\u00fc\u00edstic. Deixant impl\u00edcit que a la Catalunya de la voracitat nacionalista s\u00ed que n&#8217;hi ha.<\/p>\n<p>Deu ser com els xeics \u00e0rabs, que, com que ells van ben grassos i lluents, no tenen temps ni ocasi\u00f3 per copsar la mis\u00e8ria que afecta la majoria dels seus conciutadans. El senyor Matas, i els seus, no en deuen tenir, no, de problema ling\u00fc\u00edstic. Si responen en espanyol a tot mortal que els adreci la paraula en aquesta llengua, si duen els fills a escoles on el catal\u00e0 \u00e9s tan sols una assignatura que s&#8217;aprova dient &#8220;setse yutyes d&#8217;un yutyat menyen fetye d&#8217;un penyat&#8221;, si alguns parlen en espanyol als fills sense que ning\u00fa no els tiri a la cara la defecci\u00f3, si els sembla la cosa m\u00e9s natural el predomini total i absolut de l&#8217;espanyol en l&#8217;oferta de mitjans audiovisuals i productes culturals i d&#8217;oci que tenen a la seva disposici\u00f3, evidentment que no tenen cap problema ling\u00fc\u00edstic. Com n&#8217;han de tenir?<\/p>\n<p>Per\u00f2 els qui volem exercir de ciutadans normals d&#8217;un pa\u00eds que t\u00e9 una llengua normal, adre\u00e7ant-nos a tothom en aquesta llengua i responent a tothom en aquesta llengua, s\u00ed que en tenim, de problema, quan pelacanyes acabats d&#8217;arribar ens diuen <em>no le\/te entiendo<\/em> amb el mateix posat amb qu\u00e8 ho dirien a un core\u00e0, o quan ens miren com si f\u00f3ssim f\u00f2ssils de l&#8217;\u00e8poca dels carros de parell. Els qui s\u00f3n portats a comissaria i <a href=\"http:\/\/bloc.balearweb.net\/post\/375\/8522\" target=\"_blank\"><span style=\"color: #e56701;\">maltractats<\/span><\/a> per parlar en catal\u00e0 a uns agents uniformats s\u00ed que en tenen, de problema ling\u00fc\u00edstic. Els qui no podem usar el catal\u00e0 en comunicar amb uns serveis d&#8217;atenci\u00f3 al p\u00fablic que pagam amb la mateixa moneda que els altres s\u00ed que en tenim, de problema ling\u00fc\u00edstic. Els qui voldr\u00edem la normalitat de rebre totes les informacions de les empreses en la llengua que parlam, com fan a altres bandes, i no ho podem tenir, s\u00ed que en tenim, de problema ling\u00fc\u00edstic. Els qui volem mantenir un idioma mil\u00b7lenari, s\u00ed que en tenim, de problema, en veure que els joves que el parlen aviat acabaran xampurrejant una deixalla fon\u00e8tica i sint\u00e0ctica d&#8217;all\u00f2 que va ser aquest idioma.<\/p>\n<p>Per\u00f2 sobretot en tenim un, de problema ling\u00fc\u00edstic: que el catal\u00e0 de cada cop m\u00e9s s&#8217;evapora de la nostra societat enmig de la tranquil\u00b7litat dels qui de bona fe creuen que no hi ha problema ling\u00fc\u00edstic i la desvergonya dels qui ho saben i ho neguen. O no \u00e9s un problema, perdre un idioma?<\/p>\n","protected":false},"excerpt":{"rendered":"<p>Jaume Matas, aquest senyor que el mat\u00ed diu que el finan\u00e7ament que es preveu en l&#8217;Estatut de Catalunya \u00e9s nefast nefast i el vespre manifesta que vol per a les Illes el mateix finan\u00e7ament contra el qual recull signatures, ha dit fa molt poc que a les Balears no hi ha problema ling\u00fc\u00edstic. Deixant impl\u00edcit [&hellip;]<\/p>\n","protected":false},"author":1,"featured_media":0,"comment_status":"open","ping_status":"closed","sticky":false,"template":"","format":"standard","meta":{"_mi_skip_tracking":false,"_monsterinsights_sitenote_active":false,"_monsterinsights_sitenote_note":"","_monsterinsights_sitenote_category":0,"_s2mail":"","footnotes":""},"categories":[3],"tags":[],"class_list":["post-153","post","type-post","status-publish","format-standard","hentry","category-llengua"],"jetpack_featured_media_url":"","_links":{"self":[{"href":"https:\/\/bibiloni.cat\/blog\/wp-json\/wp\/v2\/posts\/153","targetHints":{"allow":["GET"]}}],"collection":[{"href":"https:\/\/bibiloni.cat\/blog\/wp-json\/wp\/v2\/posts"}],"about":[{"href":"https:\/\/bibiloni.cat\/blog\/wp-json\/wp\/v2\/types\/post"}],"author":[{"embeddable":true,"href":"https:\/\/bibiloni.cat\/blog\/wp-json\/wp\/v2\/users\/1"}],"replies":[{"embeddable":true,"href":"https:\/\/bibiloni.cat\/blog\/wp-json\/wp\/v2\/comments?post=153"}],"version-history":[{"count":2,"href":"https:\/\/bibiloni.cat\/blog\/wp-json\/wp\/v2\/posts\/153\/revisions"}],"predecessor-version":[{"id":512,"href":"https:\/\/bibiloni.cat\/blog\/wp-json\/wp\/v2\/posts\/153\/revisions\/512"}],"wp:attachment":[{"href":"https:\/\/bibiloni.cat\/blog\/wp-json\/wp\/v2\/media?parent=153"}],"wp:term":[{"taxonomy":"category","embeddable":true,"href":"https:\/\/bibiloni.cat\/blog\/wp-json\/wp\/v2\/categories?post=153"},{"taxonomy":"post_tag","embeddable":true,"href":"https:\/\/bibiloni.cat\/blog\/wp-json\/wp\/v2\/tags?post=153"}],"curies":[{"name":"wp","href":"https:\/\/api.w.org\/{rel}","templated":true}]}}