{"id":147,"date":"2006-02-13T19:01:13","date_gmt":"2006-02-13T17:01:13","guid":{"rendered":"http:\/\/bibiloni.net\/wordpress\/?p=147"},"modified":"2018-07-05T13:02:18","modified_gmt":"2018-07-05T11:02:18","slug":"cat-la-bandera","status":"publish","type":"post","link":"https:\/\/bibiloni.cat\/blog\/cat-la-bandera\/","title":{"rendered":".cat, la bandera"},"content":{"rendered":"<p><img loading=\"lazy\" decoding=\"async\" src=\"http:\/\/www.bibiloni.net\/blog\/imatges\/puntcat.jpg\" alt=\"\" width=\"200\" height=\"145\" align=\"left\" border=\"0\" hspace=\"12\" vspace=\"10\" \/>Una bandera no \u00e9s un pa\u00eds, perqu\u00e8 un pa\u00eds s\u00f3n persones, relacions, voluntats i sentiments. Per\u00f2 \u00e9s el s\u00edmbol que diu a tothom que el pa\u00eds existeix, perqu\u00e8 no hi hagi dubtes. La comunitat catalana a Internet ja existia abans d&#8217;avui i amb una for\u00e7a extraordin\u00e0ria. Milers de persones hi som cada dia fent o llegint p\u00e0gines web o participant en blogs i f\u00f2rums de tot tipus. En aquesta gran xarxa humana de comunicaci\u00f3 s&#8217;atenuen, o \u00e0dhuc desapareixen, les fronteres estatals, auton\u00f2miques i de tot tipus, i apareix sense embuts la comunitat de llengua i cultura formada per tots els qui veiem el m\u00f3n en catal\u00e0. La comunitat que molts volen amagar. El qui de qualsevol lloc estant entra a les meves p\u00e0gines cercant alguna informaci\u00f3 entra a una p\u00e0gina catalana i prou. La proced\u00e8ncia regional de cadasc\u00fa pot ser important en alguns casos per\u00f2 no en general. Aix\u00f2 ja existia, per\u00f2 ara tenim una bandera que diu a tohom que aix\u00f2 existeix. Avui a les cinc s&#8217;hissa la bandera. Conv\u00e9 tenir-la ben alta perqu\u00e8 tothom la vegi.<\/p>\n","protected":false},"excerpt":{"rendered":"<p>Una bandera no \u00e9s un pa\u00eds, perqu\u00e8 un pa\u00eds s\u00f3n persones, relacions, voluntats i sentiments. Per\u00f2 \u00e9s el s\u00edmbol que diu a tothom que el pa\u00eds existeix, perqu\u00e8 no hi hagi dubtes. La comunitat catalana a Internet ja existia abans d&#8217;avui i amb una for\u00e7a extraordin\u00e0ria. Milers de persones hi som cada dia fent o [&hellip;]<\/p>\n","protected":false},"author":1,"featured_media":0,"comment_status":"open","ping_status":"closed","sticky":false,"template":"","format":"standard","meta":{"_mi_skip_tracking":false,"_monsterinsights_sitenote_active":false,"_monsterinsights_sitenote_note":"","_monsterinsights_sitenote_category":0,"_s2mail":"yes","footnotes":""},"categories":[2],"tags":[],"class_list":["post-147","post","type-post","status-publish","format-standard","hentry","category-pais"],"jetpack_featured_media_url":"","_links":{"self":[{"href":"https:\/\/bibiloni.cat\/blog\/wp-json\/wp\/v2\/posts\/147","targetHints":{"allow":["GET"]}}],"collection":[{"href":"https:\/\/bibiloni.cat\/blog\/wp-json\/wp\/v2\/posts"}],"about":[{"href":"https:\/\/bibiloni.cat\/blog\/wp-json\/wp\/v2\/types\/post"}],"author":[{"embeddable":true,"href":"https:\/\/bibiloni.cat\/blog\/wp-json\/wp\/v2\/users\/1"}],"replies":[{"embeddable":true,"href":"https:\/\/bibiloni.cat\/blog\/wp-json\/wp\/v2\/comments?post=147"}],"version-history":[{"count":0,"href":"https:\/\/bibiloni.cat\/blog\/wp-json\/wp\/v2\/posts\/147\/revisions"}],"wp:attachment":[{"href":"https:\/\/bibiloni.cat\/blog\/wp-json\/wp\/v2\/media?parent=147"}],"wp:term":[{"taxonomy":"category","embeddable":true,"href":"https:\/\/bibiloni.cat\/blog\/wp-json\/wp\/v2\/categories?post=147"},{"taxonomy":"post_tag","embeddable":true,"href":"https:\/\/bibiloni.cat\/blog\/wp-json\/wp\/v2\/tags?post=147"}],"curies":[{"name":"wp","href":"https:\/\/api.w.org\/{rel}","templated":true}]}}