{"id":143,"date":"2006-02-09T18:48:50","date_gmt":"2006-02-09T16:48:50","guid":{"rendered":"http:\/\/bibiloni.net\/wordpress\/?p=143"},"modified":"2008-10-11T22:02:58","modified_gmt":"2008-10-11T21:02:58","slug":"idioma-valencia-segona-part","status":"publish","type":"post","link":"https:\/\/bibiloni.cat\/blog\/idioma-valencia-segona-part\/","title":{"rendered":"Idioma valenci\u00e0, segona part"},"content":{"rendered":"<p>Avui s&#8217;ha aprovat el nou Estatut del Pa\u00eds Valenci\u00e0. Era una magn\u00edfica ocasi\u00f3 per a resoldre el problema de la llengua, i hi havia la possibilitat real de resoldre&#8217;l. El responsable que no hagi estat aix\u00ed \u00e9s el PSOE, que, amb altres partits, tenia majoria suficient per a fer-ho. La soluci\u00f3 era una cosa tan senzilla com explicitar a l&#8217;Estatut que <em>valenci\u00e0<\/em> \u00e9s una altra denominaci\u00f3 de la llengua catalana. Per\u00f2 els socialistes valencians han sacrificat la llengua als seus (suposats) interessos electorals o, fins i tot, a l&#8217;obedi\u00e8ncia a una central a la qual ben poc importen els interessos valencians.<\/p>\n<p>Aquests dies m&#8217;he inflat de sentir que la introducci\u00f3 de la f\u00f3rmula <em>idioma valenci\u00e0<\/em> representa la consolidaci\u00f3 de la secessi\u00f3 ling\u00fc\u00edstica. Hi ha hagut crides als socialistes dels Pa\u00efsos Catalans perqu\u00e8 no votassin la dita f\u00f3rmula, tot i que han acabat votant-la sense cap mania. Per\u00f2 all\u00f2 que s&#8217;ha de recriminar als socialistes no \u00e9s que hagin preferit <em>idioma valenci\u00e0<\/em> a <em>valenci\u00e0<\/em>, que al cap i a la fi \u00e9s el mateix, sin\u00f3 que no volguessin introduir l&#8217;aclariment sobre la identitat de la llengua que assenyalava m\u00e9s amunt.<\/p>\n<p>Ara ja est\u00e0 fet, l&#8217;Estatut ja no es tocar\u00e0, i \u00e9s q\u00fcesti\u00f3 d&#8217;usar-lo a favor nostre. Haur\u00edem de tenir la prud\u00e8ncia de no repetir com a maquinetes que el nou Estatut consagra definitivament la secessi\u00f3 ling\u00fc\u00edstica. Primer perqu\u00e8 no \u00e9s ver, i, segon, perqu\u00e8 no fos cosa que els jutges ho arribassin a creure. La veritat \u00e9s que les coses ara no estan pitjor que abans. En tot cas, igual. Ja <a href=\"http:\/\/www.bibiloni.net\/blog\/archives\/00000135.html\">vaig dir<\/a> fa poc que els enunciats <em>el valenci\u00e0 \u00e9s l&#8217;idioma oficial de&#8230;<\/em> i <em>l&#8217;idioma valenci\u00e0 \u00e9s l&#8217;oficial de&#8230;<\/em> s\u00f3n estrictament equivalents. En els dos casos el valenci\u00e0 \u00e9s considerat idioma. I en els dos casos res no impedeix de continuar mantenint, com han fet els tribunals, que <em>valenci\u00e0<\/em> i <em>catal\u00e0<\/em>, <em>idioma valenci\u00e0<\/em> i <em>idioma catal\u00e0<\/em> s\u00f3n sin\u00f2nims. Per\u00f2 \u00e9s que, fins i tot, les coses <em>es poden <\/em>mirar de tal manera que la f\u00f3rmula <em>l&#8217;idioma valenci\u00e0<\/em> sigui menys secessionista que la f\u00f3rmula <em>el valenci\u00e0<\/em>, en qu\u00e8 hi ha una clara substantivaci\u00f3. En el sintagma <em>l\u2019idioma valenci\u00e0 <\/em>el mot <em>valenci\u00e0<\/em> pot ser un adjectiu, qualificador del substantiu <em>idioma<\/em>, equivalent al complement <em>dels valencians<\/em> o <em>del Pa\u00eds Valenci\u00e0<\/em>. <em>Idioma valenci\u00e0 <\/em>pot ser el subjecte de la frase impecable, en tots els sentits, <em>l&#8217;idioma valenci\u00e0 \u00e9s el catal\u00e0<\/em>. Una frase sint\u00e0cticament equivalent a <em>el president valenci\u00e0 <\/em>[del Pa\u00eds Valenci\u00e0] <em>\u00e9s Francisco Camps<\/em>. Vaja, que les coses es poden enfocar de diverses maneres. Aquesta \u00e9s una, i aqu\u00ed queda per si pot servir en alguna situaci\u00f3 en qu\u00e8 calguin arguments.<br \/>\nPer\u00f2 el problema no \u00e9s si es diu <em>valenci\u00e0<\/em> o <em>idioma valenci\u00e0<\/em>. El problema \u00e9s que no es diu \u2014malgrat que tothom ho sap, fins i tot els secessionistes\u2014 quin \u00e9s aquest idioma.<\/p>\n","protected":false},"excerpt":{"rendered":"<p>Avui s&#8217;ha aprovat el nou Estatut del Pa\u00eds Valenci\u00e0. Era una magn\u00edfica ocasi\u00f3 per a resoldre el problema de la llengua, i hi havia la possibilitat real de resoldre&#8217;l. El responsable que no hagi estat aix\u00ed \u00e9s el PSOE, que, amb altres partits, tenia majoria suficient per a fer-ho. La soluci\u00f3 era una cosa tan [&hellip;]<\/p>\n","protected":false},"author":1,"featured_media":0,"comment_status":"open","ping_status":"closed","sticky":false,"template":"","format":"standard","meta":{"_mi_skip_tracking":false,"_monsterinsights_sitenote_active":false,"_monsterinsights_sitenote_note":"","_monsterinsights_sitenote_category":0,"_s2mail":"","footnotes":""},"categories":[3],"tags":[],"class_list":["post-143","post","type-post","status-publish","format-standard","hentry","category-llengua"],"jetpack_featured_media_url":"","_links":{"self":[{"href":"https:\/\/bibiloni.cat\/blog\/wp-json\/wp\/v2\/posts\/143","targetHints":{"allow":["GET"]}}],"collection":[{"href":"https:\/\/bibiloni.cat\/blog\/wp-json\/wp\/v2\/posts"}],"about":[{"href":"https:\/\/bibiloni.cat\/blog\/wp-json\/wp\/v2\/types\/post"}],"author":[{"embeddable":true,"href":"https:\/\/bibiloni.cat\/blog\/wp-json\/wp\/v2\/users\/1"}],"replies":[{"embeddable":true,"href":"https:\/\/bibiloni.cat\/blog\/wp-json\/wp\/v2\/comments?post=143"}],"version-history":[{"count":1,"href":"https:\/\/bibiloni.cat\/blog\/wp-json\/wp\/v2\/posts\/143\/revisions"}],"predecessor-version":[{"id":672,"href":"https:\/\/bibiloni.cat\/blog\/wp-json\/wp\/v2\/posts\/143\/revisions\/672"}],"wp:attachment":[{"href":"https:\/\/bibiloni.cat\/blog\/wp-json\/wp\/v2\/media?parent=143"}],"wp:term":[{"taxonomy":"category","embeddable":true,"href":"https:\/\/bibiloni.cat\/blog\/wp-json\/wp\/v2\/categories?post=143"},{"taxonomy":"post_tag","embeddable":true,"href":"https:\/\/bibiloni.cat\/blog\/wp-json\/wp\/v2\/tags?post=143"}],"curies":[{"name":"wp","href":"https:\/\/api.w.org\/{rel}","templated":true}]}}