{"id":142,"date":"2006-02-08T21:14:45","date_gmt":"2006-02-08T19:14:45","guid":{"rendered":"http:\/\/bibiloni.net\/wordpress\/?p=142"},"modified":"2006-02-08T21:14:45","modified_gmt":"2006-02-08T19:14:45","slug":"llibertat-dexpressio-per-damunt-de-tot","status":"publish","type":"post","link":"https:\/\/bibiloni.cat\/blog\/llibertat-dexpressio-per-damunt-de-tot\/","title":{"rendered":"Llibertat d&#8217;expressi\u00f3. Per damunt de tot"},"content":{"rendered":"<p><IMG BORDER=\"0\" SRC=\"http:\/\/www.bibiloni.net\/blog\/imatges\/llibertat_espantada.jpg\" WIDTH=\"285\" HEIGHT=\"215\" hspace=\"12\" vspace=\"10\" align=\"left\">Ara que una part de la humanitat sembla que ha tornat boja i que tants de dirigents europeus subordinen els principis de la civilitzaci\u00f3 a la por, vull aprofitar aquesta modest\u00edssima tribuna per unir la meva veu a la dels qui aquests dies aixequen la bandera de la llibertat d&#8217;expressi\u00f3. Ara n&#8217;hi ha que diuen que la llibertat ha de tenir el l\u00edmit all\u00e0 on altres persones tenen el dret de no ser ofeses. Discrep. Amb aquest l\u00edmit senzillament es liquida la llibertat, perqu\u00e8 all\u00f2 que of\u00e8n o no of\u00e8n no \u00e9s objectivable: a uns els of\u00e8n que caricaturin un profeta, a altres que es defensi una determinada organitzaci\u00f3, a altres que es passegi amb cal\u00e7ons curts, a altres que alg\u00fa vagi nu a la platja, a altres que es diguin paraulotes per la televisi\u00f3, a altres que s&#8217;utilitzi un cos a la publicitat, i no acabar\u00edem mai. La llibertat d&#8217;expressi\u00f3 \u00e9s la llibertat d&#8217;ofendre perqu\u00e8 nom\u00e9s s&#8217;of\u00e8n qui es vol ofendre. La llibertat d&#8217;expressi\u00f3, i moltes altres llibertats, i tot el sistema democr\u00e0tic, i la separaci\u00f3 de la religi\u00f3 de la pol\u00edtica, i la igualtat entre homes i dones, i moltes coses m\u00e9s s\u00f3n un b\u00e9 suprem que els europeus (i alguns altres) hem aconseguit amb segles de sofriment i de lluites heroiques. <br \/>\nB\u00e9, aix\u00f2 \u00e9s el que pensava jo fins que el telenot\u00edcies d&#8217;avui m&#8217;ha espatllat la festa, per dir-ho amb una mica de literatura. La not\u00edcia era que els policies de Barcelona multen unes dones, que ells dedueixen que s\u00f3n prostitutes, pel simple fet d&#8217;estar al carrer. A la civilitzada Europa alg\u00fa creu que pot conculcar el dret d&#8217;estar en el carrer, o passejar-hi, o seure a un banc o parlar amb qui sigui. I per qu\u00e8 aquestes dones no tenen dret a estar en el carrer? Perqu\u00e8 aix\u00f2 of\u00e8n alg\u00fa. Igualet que les caricatures de Mahoma, encara que les conseq\u00fc\u00e8ncies, afortunadament, no s\u00f3n les mateixes.<br \/>\nAmb tot, malgrat aquest forat negre i bastants altres m\u00e9s a la nostra carta de presentaci\u00f3, continuar\u00e9 pensant que en el nivell de llibertat i de civilitzaci\u00f3 que Europa ha assolit, enfront d&#8217;altres que viuen en la foscor medieval, no es pot fer ni una passa enrere. Ni una. I ara \u00e9s el moment de defensar-ho amb la m\u00e0xima fermesa.<\/p>\n","protected":false},"excerpt":{"rendered":"<p>Ara que una part de la humanitat sembla que ha tornat boja i que tants de dirigents europeus subordinen els principis de la civilitzaci\u00f3 a la por, vull aprofitar aquesta modest\u00edssima tribuna per unir la meva veu a la dels qui aquests dies aixequen la bandera de la llibertat d&#8217;expressi\u00f3. Ara n&#8217;hi ha que diuen [&hellip;]<\/p>\n","protected":false},"author":1,"featured_media":0,"comment_status":"open","ping_status":"closed","sticky":false,"template":"","format":"standard","meta":{"_mi_skip_tracking":false,"_monsterinsights_sitenote_active":false,"_monsterinsights_sitenote_note":"","_monsterinsights_sitenote_category":0,"_s2mail":"","footnotes":""},"categories":[1],"tags":[],"class_list":["post-142","post","type-post","status-publish","format-standard","hentry","category-varia"],"jetpack_featured_media_url":"","_links":{"self":[{"href":"https:\/\/bibiloni.cat\/blog\/wp-json\/wp\/v2\/posts\/142","targetHints":{"allow":["GET"]}}],"collection":[{"href":"https:\/\/bibiloni.cat\/blog\/wp-json\/wp\/v2\/posts"}],"about":[{"href":"https:\/\/bibiloni.cat\/blog\/wp-json\/wp\/v2\/types\/post"}],"author":[{"embeddable":true,"href":"https:\/\/bibiloni.cat\/blog\/wp-json\/wp\/v2\/users\/1"}],"replies":[{"embeddable":true,"href":"https:\/\/bibiloni.cat\/blog\/wp-json\/wp\/v2\/comments?post=142"}],"version-history":[{"count":1,"href":"https:\/\/bibiloni.cat\/blog\/wp-json\/wp\/v2\/posts\/142\/revisions"}],"predecessor-version":[{"id":673,"href":"https:\/\/bibiloni.cat\/blog\/wp-json\/wp\/v2\/posts\/142\/revisions\/673"}],"wp:attachment":[{"href":"https:\/\/bibiloni.cat\/blog\/wp-json\/wp\/v2\/media?parent=142"}],"wp:term":[{"taxonomy":"category","embeddable":true,"href":"https:\/\/bibiloni.cat\/blog\/wp-json\/wp\/v2\/categories?post=142"},{"taxonomy":"post_tag","embeddable":true,"href":"https:\/\/bibiloni.cat\/blog\/wp-json\/wp\/v2\/tags?post=142"}],"curies":[{"name":"wp","href":"https:\/\/api.w.org\/{rel}","templated":true}]}}