{"id":139,"date":"2006-02-02T20:16:10","date_gmt":"2006-02-02T18:16:10","guid":{"rendered":"http:\/\/bibiloni.net\/wordpress\/?p=139"},"modified":"2008-10-11T22:07:22","modified_gmt":"2008-10-11T21:07:22","slug":"idioma-valencia","status":"publish","type":"post","link":"https:\/\/bibiloni.cat\/blog\/idioma-valencia\/","title":{"rendered":"Idioma valenci\u00e0"},"content":{"rendered":"<p>Sembla que ens hem begut l&#8217;enteniment. Curi\u00f3s debat aquest que no es formula entre el blanc i el negre sin\u00f3 entre el negre i el color de la fosca. Perqu\u00e8 la f\u00f3rmula &#8220;el valenci\u00e0 \u00e9s l&#8217;idioma oficial de&#8230;&#8221; i la f\u00f3rmula &#8220;l&#8217;idioma valenci\u00e0 \u00e9s l&#8217;oficial de&#8230;&#8221; \u00e9s exactament el mateix. De la primera frase es pot deduir que hi ha un idioma que es diu valenci\u00e0, en la mateixa mesura que es pot deduir de la segona. Igual que la f\u00f3rmula constitucional &#8220;el castell\u00e0 \u00e9s la llengua [&#8230;] oficial de l&#8217;Estat&#8221; no seria diferent de &#8220;la llengua castellana \u00e9s l&#8217;oficial de l&#8217;Estat&#8221;. Aquest \u00e9s un joc estult en qu\u00e8 uns volen fer creure a un cert sector que estan per la unitat de la llengua, i els altres volen fer creure als seus que defensen la &#8220;valencianitat&#8221;. I no defensen ni una cosa ni l&#8217;altra.<br \/>\nDespr\u00e9s d&#8217;all\u00f2 que l&#8217;experi\u00e8ncia ens ha ensenyat a tots en el Pa\u00eds Valenci\u00e0, el que hauria de ser el m\u00ednim acceptable per tothom que tingu\u00e9s un comprom\u00eds elemental amb la llengua i la identitat d&#8217;aquesta comunitat seria l&#8217;explicitaci\u00f3, amb la f\u00f3rmula que sigui, que el valenci\u00e0 \u00e9s la mateixa llengua que la que en altres \u00e0mbits es diu catal\u00e0. El m\u00ednim, dic: l&#8217;ideal seria que l&#8217;Estatut valenci\u00e0 design\u00e0s la llengua amb el seu nom unitari i prou. Per\u00f2 El PSOE(-PSPV) dir\u00e0 \u2014si no pensa coses m\u00e9s inconfessables\u2014 que ni tan sols aquell m\u00ednim no \u00e9s assumible en termes electorals, que \u00e9s tant com dir que no \u00e9s nom\u00e9s la dreta troglodita sin\u00f3 tamb\u00e9 la societat valenciana que el mat\u00ed surt de casa arregladeta la que no est\u00e0 en condicions d&#8217;acceptar una cosa tan elemental com la unitat de la llengua catalana. Doncs si els seus votants \u2014els del PSOE(-PSC)\u2014 no ho accepten o no ho entenen, deu ser perqu\u00e8 no els ho han explicat. I han tingut vint-i-cinc anys per a explicar-los-ho. Han mirat a una altra banda, i aquest \u00e9s el seu pecat. Mortal, evidentment.<br \/>\nB\u00e9, n&#8217;hi ha un altre, de pecat, la submissi\u00f3 canina als interessos de Madrid, per\u00f2 aix\u00f2 m\u00e9s que un pecat \u00e9s l&#8217;ess\u00e8ncia del partit.<\/p>\n","protected":false},"excerpt":{"rendered":"<p>Sembla que ens hem begut l&#8217;enteniment. Curi\u00f3s debat aquest que no es formula entre el blanc i el negre sin\u00f3 entre el negre i el color de la fosca. Perqu\u00e8 la f\u00f3rmula &#8220;el valenci\u00e0 \u00e9s l&#8217;idioma oficial de&#8230;&#8221; i la f\u00f3rmula &#8220;l&#8217;idioma valenci\u00e0 \u00e9s l&#8217;oficial de&#8230;&#8221; \u00e9s exactament el mateix. De la primera frase es [&hellip;]<\/p>\n","protected":false},"author":1,"featured_media":0,"comment_status":"open","ping_status":"closed","sticky":false,"template":"","format":"standard","meta":{"_mi_skip_tracking":false,"_monsterinsights_sitenote_active":false,"_monsterinsights_sitenote_note":"","_monsterinsights_sitenote_category":0,"_s2mail":"","footnotes":""},"categories":[3],"tags":[],"class_list":["post-139","post","type-post","status-publish","format-standard","hentry","category-llengua"],"jetpack_featured_media_url":"","_links":{"self":[{"href":"https:\/\/bibiloni.cat\/blog\/wp-json\/wp\/v2\/posts\/139","targetHints":{"allow":["GET"]}}],"collection":[{"href":"https:\/\/bibiloni.cat\/blog\/wp-json\/wp\/v2\/posts"}],"about":[{"href":"https:\/\/bibiloni.cat\/blog\/wp-json\/wp\/v2\/types\/post"}],"author":[{"embeddable":true,"href":"https:\/\/bibiloni.cat\/blog\/wp-json\/wp\/v2\/users\/1"}],"replies":[{"embeddable":true,"href":"https:\/\/bibiloni.cat\/blog\/wp-json\/wp\/v2\/comments?post=139"}],"version-history":[{"count":1,"href":"https:\/\/bibiloni.cat\/blog\/wp-json\/wp\/v2\/posts\/139\/revisions"}],"predecessor-version":[{"id":676,"href":"https:\/\/bibiloni.cat\/blog\/wp-json\/wp\/v2\/posts\/139\/revisions\/676"}],"wp:attachment":[{"href":"https:\/\/bibiloni.cat\/blog\/wp-json\/wp\/v2\/media?parent=139"}],"wp:term":[{"taxonomy":"category","embeddable":true,"href":"https:\/\/bibiloni.cat\/blog\/wp-json\/wp\/v2\/categories?post=139"},{"taxonomy":"post_tag","embeddable":true,"href":"https:\/\/bibiloni.cat\/blog\/wp-json\/wp\/v2\/tags?post=139"}],"curies":[{"name":"wp","href":"https:\/\/api.w.org\/{rel}","templated":true}]}}