{"id":136,"date":"2006-01-24T14:27:09","date_gmt":"2006-01-24T12:27:09","guid":{"rendered":"http:\/\/bibiloni.net\/wordpress\/?p=136"},"modified":"2008-10-11T22:09:06","modified_gmt":"2008-10-11T21:09:06","slug":"un-cuento-chino-de-rajoy","status":"publish","type":"post","link":"https:\/\/bibiloni.cat\/blog\/un-cuento-chino-de-rajoy\/","title":{"rendered":"Un \u00abcuento chino\u00bb de Rajoy"},"content":{"rendered":"<p><img loading=\"lazy\" decoding=\"async\" src=\"http:\/\/www.bibiloni.net\/blog\/imatges\/rajoy.jpg\" border=\"0\" alt=\"\" hspace=\"12\" vspace=\"10\" width=\"204\" height=\"242\" align=\"left\" \/>Els del PP s\u00f3n genials. Rajoy troba aberrant \u2013ho ha dit avui\u2013 que a Catalunya es pugui exigir a un comerciant el deure d&#8217;atendre els clients en catal\u00e0, i ho argumenta dient que a Madrid mai no se&#8217;ls acudiria de fer una llei que oblig\u00e0s un venedor xin\u00e8s a parlar en espanyol als clients. Si vol parlar en xin\u00e8s, diu el gran liberal, que hi parli.<\/p>\n<p>\u00c9s un exemple contundent de la brillantor intel\u00b7lectual d&#8217;alguns \u2013bastants\u2013 dels nostres ve\u00efns. \u00c9s com si alg\u00fa trob\u00e0s aberrant que un afectat d&#8217;una malaltia prengu\u00e9s un medicament perqu\u00e8 una persona sana mai no se li acudiria de fer-ho. O m\u00e9s exactament, haur\u00edem de dir que \u00e9s com si qualc\u00fa es mof\u00e0s d&#8217;un qui pren un medicament en el suposit que la malaltia fos conseq\u00fc\u00e8ncia d&#8217;un enverinament perpetrat pel mofador. \u00c9s com si digu\u00e9s que a Madrid mai no farien una llei que establ\u00eds que la pluja ha de caure de dalt cap a baix. Simplement no cal que la facin, aquesta llei, perqu\u00e8 la pluja ja hi cau cap avall, com els xinesos ja hi parlen en espanyol quan munten la paradeta de la roba a Madrid. Sup\u00f2s que v\u00f3s sabeu, senyor Rajoy, per qu\u00e8 els xinesos residents a Madrid procuren parlar espanyol amb els clients i no en xin\u00e8s: us faig prou intel\u00b7ligent per a entendre-ho.<\/p>\n<p>Per\u00f2 aix\u00ed i tot us dir\u00e9, senyor Rajoy, per qu\u00e8 no cal que a Madrid facin aquesta mena d&#8217;\u00abimposicions ling\u00fc\u00edstiques\u00bb. Primer perqu\u00e8 els xinesos que viuen a Madrid \u2013o al territori que t\u00e9 per pr\u00f2pia la llengua espanyola\u2013 no s\u00f3n encara el cinquanta per cent de la poblaci\u00f3. I perqu\u00e8 el Govern i el Parlament de la Xina no s\u00f3n els qui decideixen com s&#8217;han de fer les coses en els territoris esmentats. I perqu\u00e8 \u2013ja que no ho decideixen\u2013 no han implantat cap llei que digui que a Espanya tothom t\u00e9 el deure de con\u00e8ixer el xin\u00e8s i el dret d&#8217;usar-lo. Podeu estar ben segur, senyor liberal, que si tot aix\u00f2 que no succeeix succe\u00eds, el Govern espanyol estaria tan ocupat implantant mesures d&#8217;\u00abimposici\u00f3\u00bb de l&#8217;espanyol que no tindria temps per a fer cap altra cosa.<\/p>\n","protected":false},"excerpt":{"rendered":"<p>Els del PP s\u00f3n genials. Rajoy troba aberrant \u2013ho ha dit avui\u2013 que a Catalunya es pugui exigir a un comerciant el deure d&#8217;atendre els clients en catal\u00e0, i ho argumenta dient que a Madrid mai no se&#8217;ls acudiria de fer una llei que oblig\u00e0s un venedor xin\u00e8s a parlar en espanyol als clients. Si [&hellip;]<\/p>\n","protected":false},"author":1,"featured_media":0,"comment_status":"open","ping_status":"closed","sticky":false,"template":"","format":"standard","meta":{"_mi_skip_tracking":false,"_monsterinsights_sitenote_active":false,"_monsterinsights_sitenote_note":"","_monsterinsights_sitenote_category":0,"_s2mail":"","footnotes":""},"categories":[3],"tags":[],"class_list":["post-136","post","type-post","status-publish","format-standard","hentry","category-llengua"],"jetpack_featured_media_url":"","_links":{"self":[{"href":"https:\/\/bibiloni.cat\/blog\/wp-json\/wp\/v2\/posts\/136","targetHints":{"allow":["GET"]}}],"collection":[{"href":"https:\/\/bibiloni.cat\/blog\/wp-json\/wp\/v2\/posts"}],"about":[{"href":"https:\/\/bibiloni.cat\/blog\/wp-json\/wp\/v2\/types\/post"}],"author":[{"embeddable":true,"href":"https:\/\/bibiloni.cat\/blog\/wp-json\/wp\/v2\/users\/1"}],"replies":[{"embeddable":true,"href":"https:\/\/bibiloni.cat\/blog\/wp-json\/wp\/v2\/comments?post=136"}],"version-history":[{"count":1,"href":"https:\/\/bibiloni.cat\/blog\/wp-json\/wp\/v2\/posts\/136\/revisions"}],"predecessor-version":[{"id":679,"href":"https:\/\/bibiloni.cat\/blog\/wp-json\/wp\/v2\/posts\/136\/revisions\/679"}],"wp:attachment":[{"href":"https:\/\/bibiloni.cat\/blog\/wp-json\/wp\/v2\/media?parent=136"}],"wp:term":[{"taxonomy":"category","embeddable":true,"href":"https:\/\/bibiloni.cat\/blog\/wp-json\/wp\/v2\/categories?post=136"},{"taxonomy":"post_tag","embeddable":true,"href":"https:\/\/bibiloni.cat\/blog\/wp-json\/wp\/v2\/tags?post=136"}],"curies":[{"name":"wp","href":"https:\/\/api.w.org\/{rel}","templated":true}]}}