{"id":133,"date":"2006-01-18T22:59:42","date_gmt":"2006-01-18T20:59:42","guid":{"rendered":"http:\/\/bibiloni.net\/wordpress\/?p=133"},"modified":"2008-10-11T22:11:12","modified_gmt":"2008-10-11T21:11:12","slug":"i-mes-imposifion","status":"publish","type":"post","link":"https:\/\/bibiloni.cat\/blog\/i-mes-imposifion\/","title":{"rendered":"I m\u00e9s imposifi\u00f3n"},"content":{"rendered":"<p>Una senyora que s&#8217;autoproclama mallorquina escriu avui una lletra al <em>Diario de Mallorca<\/em> en la qual d\u00f3na \u2013o ella ho deu creure\u2013 una lli\u00e7\u00f3 d&#8217;aquest liberalisme ling\u00fc\u00edstic tan de rabiosa actualitat: <em>que cada persona se exprese en la lengua que mejor le parezca [&#8230;] sin que por ello su interlocutor deba cambiar su lengua<\/em>. Diu que ha nascut a Mallorca i ha estudiat catal\u00e0 fins a 18 anys, per\u00f2 prefereix expressar-se i viure la seva vida en castell\u00e0 com a elecci\u00f3 personal. Vaja que sap parlar en catal\u00e0 per\u00f2 no li ve de gust parlar-lo amb ning\u00fa, un car privilegi que li permet la situaci\u00f3 de subordinaci\u00f3 en qu\u00e8 es troba el pa\u00eds on viu i que no tindria en cap societat no subordinada (vull dir prescindir de la llengua pr\u00f2pia del pa\u00eds). Aix\u00f2 s\u00ed, d\u00f3na perm\u00eds als catalanoparlants perqu\u00e8 li parlin en llur llengua. Gr\u00e0cies, \u00e9s tot un detall, avesats com estam a heure&#8217;ns-les amb persones menys generoses.<br \/>\nPer\u00f2 no vull comentar la cosa de les eleccions personals, car cadasc\u00fa \u00e9s lliure de fer les que vulgui. Vull comentar el que diu despr\u00e9s: \u00ab<em>me planteo el porqu\u00e9 de la obligatoriedad de estar en posesi\u00f3n de determinados certificados de nivel de catal\u00e1n para acceder al cuerpo de funcionarios de nuestra comunidad<\/em> [&#8230;]\u00bb. I aqu\u00ed \u00e9s on estic totalment d&#8217;acord amb la senyora. Crec que s&#8217;hauria de suprimir ara mateix tota aquesta parafern\u00e0lia de certificats, nivells, ex\u00e0mens, juntes avaluadores i altres emprenyos que no tenen a cap pa\u00eds normal, i fer com fan a les Castelles, un pa\u00eds on no s&#8217;imposa cap llengua a ning\u00fa. Vull dir que tota prova escrita en qualsevol oposici\u00f3 o concurs sigui reglament\u00e0riament en catal\u00e0, com a les Castelles \u00e9s en castell\u00e0, i \u2013com a les Castelles\u2013 a les cinc o sis faltes d&#8217;ortografia suspesos per incompet\u00e8ncia ling\u00fc\u00edstica. I res de certificats, nivells bes o ces, ni res d&#8217;imposicions.<\/p>\n","protected":false},"excerpt":{"rendered":"<p>Una senyora que s&#8217;autoproclama mallorquina escriu avui una lletra al Diario de Mallorca en la qual d\u00f3na \u2013o ella ho deu creure\u2013 una lli\u00e7\u00f3 d&#8217;aquest liberalisme ling\u00fc\u00edstic tan de rabiosa actualitat: que cada persona se exprese en la lengua que mejor le parezca [&#8230;] sin que por ello su interlocutor deba cambiar su lengua. Diu [&hellip;]<\/p>\n","protected":false},"author":1,"featured_media":0,"comment_status":"open","ping_status":"closed","sticky":false,"template":"","format":"standard","meta":{"_mi_skip_tracking":false,"_monsterinsights_sitenote_active":false,"_monsterinsights_sitenote_note":"","_monsterinsights_sitenote_category":0,"_s2mail":"","footnotes":""},"categories":[3],"tags":[],"class_list":["post-133","post","type-post","status-publish","format-standard","hentry","category-llengua"],"jetpack_featured_media_url":"","_links":{"self":[{"href":"https:\/\/bibiloni.cat\/blog\/wp-json\/wp\/v2\/posts\/133","targetHints":{"allow":["GET"]}}],"collection":[{"href":"https:\/\/bibiloni.cat\/blog\/wp-json\/wp\/v2\/posts"}],"about":[{"href":"https:\/\/bibiloni.cat\/blog\/wp-json\/wp\/v2\/types\/post"}],"author":[{"embeddable":true,"href":"https:\/\/bibiloni.cat\/blog\/wp-json\/wp\/v2\/users\/1"}],"replies":[{"embeddable":true,"href":"https:\/\/bibiloni.cat\/blog\/wp-json\/wp\/v2\/comments?post=133"}],"version-history":[{"count":1,"href":"https:\/\/bibiloni.cat\/blog\/wp-json\/wp\/v2\/posts\/133\/revisions"}],"predecessor-version":[{"id":682,"href":"https:\/\/bibiloni.cat\/blog\/wp-json\/wp\/v2\/posts\/133\/revisions\/682"}],"wp:attachment":[{"href":"https:\/\/bibiloni.cat\/blog\/wp-json\/wp\/v2\/media?parent=133"}],"wp:term":[{"taxonomy":"category","embeddable":true,"href":"https:\/\/bibiloni.cat\/blog\/wp-json\/wp\/v2\/categories?post=133"},{"taxonomy":"post_tag","embeddable":true,"href":"https:\/\/bibiloni.cat\/blog\/wp-json\/wp\/v2\/tags?post=133"}],"curies":[{"name":"wp","href":"https:\/\/api.w.org\/{rel}","templated":true}]}}