{"id":129,"date":"2006-01-13T17:14:23","date_gmt":"2006-01-13T15:14:23","guid":{"rendered":"http:\/\/bibiloni.net\/wordpress\/?p=129"},"modified":"2008-10-11T22:13:13","modified_gmt":"2008-10-11T21:13:13","slug":"les-trampes-dels-nostres-agressors","status":"publish","type":"post","link":"https:\/\/bibiloni.cat\/blog\/les-trampes-dels-nostres-agressors\/","title":{"rendered":"Les trampes dels nostres agressors"},"content":{"rendered":"<p><em>Consciente probablemente de su error al aceptar las pretensiones nacionalistas en materia de lengua, el Gobierno ha querido compensarlo con la orden del Ministerio de Defensa de que todos los militares hablen \u00fanica y exclusivamente en castellano en todo el territorio nacional.<br \/>\nLa orden provoc\u00f3 ayer una reacci\u00f3n furibunda de ERC y BNG, que presentaron una bater\u00eda de interpelaciones parlamentarias y criticaron al ministro Jos\u00e9 Bono. Los nacionalistas no tienen credibilidad porque denuncian lo que ellos estan haciendo: imponer una lengua sobre otra.<\/em> Editorial de El Mundo de dia 13-01-2006.<\/p>\n<p>Nom\u00e9s hi ha una &#8220;petita&#8221; difer\u00e8ncia: uns nom\u00e9s volen &#8220;imposar&#8221; en els Pa\u00efsos Catalans la llengua pr\u00f2pia del territori \u2013\u00e9s a dir &#8220;imposar-la&#8221; en el seu espai natural, simplement perqu\u00e8 no en desaparegui\u2013, i els altres volen imposar la seva llengua \u2013que ja est\u00e0 ben imposada en el seu espai propi\u2013 en un territori que no \u00e9s el seu. Els <em>nacionalistas <\/em>no pretenen imposar el catal\u00e0 a Castella o Andalusia. Oi que la difer\u00e8ncia \u00e9s substancial?<\/p>\n","protected":false},"excerpt":{"rendered":"<p>Consciente probablemente de su error al aceptar las pretensiones nacionalistas en materia de lengua, el Gobierno ha querido compensarlo con la orden del Ministerio de Defensa de que todos los militares hablen \u00fanica y exclusivamente en castellano en todo el territorio nacional. La orden provoc\u00f3 ayer una reacci\u00f3n furibunda de ERC y BNG, que presentaron [&hellip;]<\/p>\n","protected":false},"author":1,"featured_media":0,"comment_status":"open","ping_status":"closed","sticky":false,"template":"","format":"standard","meta":{"_mi_skip_tracking":false,"_monsterinsights_sitenote_active":false,"_monsterinsights_sitenote_note":"","_monsterinsights_sitenote_category":0,"_s2mail":"","footnotes":""},"categories":[3],"tags":[],"class_list":["post-129","post","type-post","status-publish","format-standard","hentry","category-llengua"],"jetpack_featured_media_url":"","_links":{"self":[{"href":"https:\/\/bibiloni.cat\/blog\/wp-json\/wp\/v2\/posts\/129","targetHints":{"allow":["GET"]}}],"collection":[{"href":"https:\/\/bibiloni.cat\/blog\/wp-json\/wp\/v2\/posts"}],"about":[{"href":"https:\/\/bibiloni.cat\/blog\/wp-json\/wp\/v2\/types\/post"}],"author":[{"embeddable":true,"href":"https:\/\/bibiloni.cat\/blog\/wp-json\/wp\/v2\/users\/1"}],"replies":[{"embeddable":true,"href":"https:\/\/bibiloni.cat\/blog\/wp-json\/wp\/v2\/comments?post=129"}],"version-history":[{"count":1,"href":"https:\/\/bibiloni.cat\/blog\/wp-json\/wp\/v2\/posts\/129\/revisions"}],"predecessor-version":[{"id":685,"href":"https:\/\/bibiloni.cat\/blog\/wp-json\/wp\/v2\/posts\/129\/revisions\/685"}],"wp:attachment":[{"href":"https:\/\/bibiloni.cat\/blog\/wp-json\/wp\/v2\/media?parent=129"}],"wp:term":[{"taxonomy":"category","embeddable":true,"href":"https:\/\/bibiloni.cat\/blog\/wp-json\/wp\/v2\/categories?post=129"},{"taxonomy":"post_tag","embeddable":true,"href":"https:\/\/bibiloni.cat\/blog\/wp-json\/wp\/v2\/tags?post=129"}],"curies":[{"name":"wp","href":"https:\/\/api.w.org\/{rel}","templated":true}]}}