{"id":126,"date":"2005-12-19T12:38:01","date_gmt":"2005-12-19T10:38:01","guid":{"rendered":"http:\/\/bibiloni.net\/wordpress\/?p=126"},"modified":"2008-10-11T22:15:27","modified_gmt":"2008-10-11T21:15:27","slug":"el-discret-engany-de-la-burgesia-principatina","status":"publish","type":"post","link":"https:\/\/bibiloni.cat\/blog\/el-discret-engany-de-la-burgesia-principatina\/","title":{"rendered":"El discret engany de la burgesia (principatina)"},"content":{"rendered":"<p><img loading=\"lazy\" decoding=\"async\" src=\"http:\/\/www.bibiloni.net\/blog\/imatges\/burgesia.jpg\" border=\"0\" alt=\"\" hspace=\"12\" vspace=\"10\" width=\"200\" height=\"161\" align=\"left\" \/>Una senyora nascuda al Principat i resident a Mallorca es queixa a Catalunya R\u00e0dio que el RAC (Reial Autom\u00f2bil Club de Catalunya) utilitza nom\u00e9s l\u2019espanyol com a llengua de relaci\u00f3 amb els clients de les Illes. Ni la revista que aquests reben ni els papers que l\u2019empresa posa a la seva disposici\u00f3 coneixen el catal\u00e0 per a res.<br \/>\n\u00c9s un fet tristament conegut i repetit que moltes empreses principatines, quan s\u2019instal\u00b7len a les Balears o al Pa\u00eds Valenci\u00e0, actuen ling\u00fc\u00edsticament com si s\u2019implantassin a Almeria. Tots tenim a la mem\u00f2ria el comportament indigne de Caprabo al Pa\u00eds Valenci\u00e0 i no del tot clar a Mallorca. Algun dia d\u2019aquests comentar\u00e9 alguna cosa de les companyies principatines que s\u2019anuncien en espanyol a IB3.<br \/>\nNaturalment, les empreses cerquen el negoci i actuen \u2013tamb\u00e9 pel que fa a la llengua\u2013 en funci\u00f3 de les expectatives empresarials. Alguna part de culpa \u2013per\u00f2 no m\u2019atreviria a dir en quin grau\u2013 deuen tenir les societats balear i valenciana si els negociants poden arribar a la conclusi\u00f3 que el catal\u00e0 no \u00e9s un factor a favor dels seus interessos. Per\u00f2 el que m&#8217;interessa ara no \u00e9s aix\u00f2, sin\u00f3 trobar maneres de defensar el meu idioma amb efic\u00e0cia. I una manera hauria de ser la solidaritat entre tots els membres de la nostra comunitat nacional. Si les empreses principatines que menyspreen el catal\u00e0 en els territoris catalans de fora del Principat veiessin com per aquest fet s\u00f3n severament castigades pels catalans del Principat, potser ho repensarien. Ho repensarien si veiessin que els consumidors de tots els Pa\u00efsos Catalans actuen com un bloc compacte. \u00c9s una eina que podria donar rendiment si sab\u00e9ssim posar-nos-hi i emprar b\u00e9 els recursos (no cal dir que Internet \u00e9s una meravella, i tots encara tenim al cap el cartell d\u2019Alcampo, per no parlar de coses m\u00e9s repugnants). Els catalans del Principat que tenen per norma no donar beneficis a aquells qui menystenen la llengua del pa\u00eds basta que estenguin el principi a tots els qui menystenen el catal\u00e0 \u2013siguin catalans o estrangers\u2013 <span style=\"text-decoration: underline;\">a qualsevol part de la comunitat catalana<\/span>. I com \u00e9s possible que la Generalitat de Catalunya hagi donat un premi a la normalitzaci\u00f3 ling\u00fc\u00edstica, o una cosa aix\u00ed, a una empresa \u2013esmentada m\u00e9s amunt\u2013 que of\u00e8n els catalanoparlants a una part del nostre territori?<br \/>\nNaturalment, les empreses catalanes tenen la mateixa obligaci\u00f3 moral que les empreses de fora del pa\u00eds de respectar el catal\u00e0 quan actuen aqu\u00ed. Per\u00f2 sempre s\u2019havia dit que la burgesia principatina, aquesta que ara no vol etiquetar els seus productes en catal\u00e0, havia estat l\u2019art\u00edfex de la recuperaci\u00f3 de la llengua i de no s\u00e9 qu\u00e8 m\u00e9s. No caldria revisar qualque cosa?<\/p>\n","protected":false},"excerpt":{"rendered":"<p>Una senyora nascuda al Principat i resident a Mallorca es queixa a Catalunya R\u00e0dio que el RAC (Reial Autom\u00f2bil Club de Catalunya) utilitza nom\u00e9s l\u2019espanyol com a llengua de relaci\u00f3 amb els clients de les Illes. Ni la revista que aquests reben ni els papers que l\u2019empresa posa a la seva disposici\u00f3 coneixen el catal\u00e0 [&hellip;]<\/p>\n","protected":false},"author":1,"featured_media":0,"comment_status":"open","ping_status":"closed","sticky":false,"template":"","format":"standard","meta":{"_mi_skip_tracking":false,"_monsterinsights_sitenote_active":false,"_monsterinsights_sitenote_note":"","_monsterinsights_sitenote_category":0,"_s2mail":"","footnotes":""},"categories":[3],"tags":[],"class_list":["post-126","post","type-post","status-publish","format-standard","hentry","category-llengua"],"jetpack_featured_media_url":"","_links":{"self":[{"href":"https:\/\/bibiloni.cat\/blog\/wp-json\/wp\/v2\/posts\/126","targetHints":{"allow":["GET"]}}],"collection":[{"href":"https:\/\/bibiloni.cat\/blog\/wp-json\/wp\/v2\/posts"}],"about":[{"href":"https:\/\/bibiloni.cat\/blog\/wp-json\/wp\/v2\/types\/post"}],"author":[{"embeddable":true,"href":"https:\/\/bibiloni.cat\/blog\/wp-json\/wp\/v2\/users\/1"}],"replies":[{"embeddable":true,"href":"https:\/\/bibiloni.cat\/blog\/wp-json\/wp\/v2\/comments?post=126"}],"version-history":[{"count":1,"href":"https:\/\/bibiloni.cat\/blog\/wp-json\/wp\/v2\/posts\/126\/revisions"}],"predecessor-version":[{"id":688,"href":"https:\/\/bibiloni.cat\/blog\/wp-json\/wp\/v2\/posts\/126\/revisions\/688"}],"wp:attachment":[{"href":"https:\/\/bibiloni.cat\/blog\/wp-json\/wp\/v2\/media?parent=126"}],"wp:term":[{"taxonomy":"category","embeddable":true,"href":"https:\/\/bibiloni.cat\/blog\/wp-json\/wp\/v2\/categories?post=126"},{"taxonomy":"post_tag","embeddable":true,"href":"https:\/\/bibiloni.cat\/blog\/wp-json\/wp\/v2\/tags?post=126"}],"curies":[{"name":"wp","href":"https:\/\/api.w.org\/{rel}","templated":true}]}}