{"id":125,"date":"2005-12-17T15:37:03","date_gmt":"2005-12-17T13:37:03","guid":{"rendered":"http:\/\/bibiloni.net\/wordpress\/?p=125"},"modified":"2008-10-11T22:15:59","modified_gmt":"2008-10-11T21:15:59","slug":"curts-de-gambals-i-curtissims-descrupols","status":"publish","type":"post","link":"https:\/\/bibiloni.cat\/blog\/curts-de-gambals-i-curtissims-descrupols\/","title":{"rendered":"Curts de gambals i curt\u00edssims d&#8217;escr\u00fapols"},"content":{"rendered":"<p><a href=\"http:\/\/bibiloni.net\/blog\/imatges\/polemica_gonella.jpg\"><img loading=\"lazy\" decoding=\"async\" src=\"http:\/\/www.bibiloni.net\/blog\/imatges\/gonella.jpg\" border=\"0\" alt=\"Imatge de la coberta del llibre Pol\u00e8mica d'en Pep Gonella. Clic per a ampliar\" hspace=\"12\" vspace=\"10\" width=\"150\" height=\"190\" align=\"left\" \/><\/a>El problema no \u00e9s que tres o quatre individus sense el m\u00e9s m\u00ednim sentit del r\u00edd\u00edcul, o simplement que &#8220;no hi s\u00f3n tots&#8221;, facin el pallasso i muntin una &#8220;Academi de sa llengo bal\u00e9\u00e0&#8221; i facin una gram\u00e0tica. El problema \u00e9s que hi pugui haver un diari que en faci <a href=\"http:\/\/www.elmundo-eldia.com\/2005\/12\/16\/illes_balears\/1134687614.html\">not\u00edcia<\/a> i els dediqui una p\u00e0gina. Cosa que vol dir que aquest presumpte mitj\u00e0 de comunicaci\u00f3 ha arribat a un nivell de degradaci\u00f3 que demana una mica d&#8217;an\u00e0lisi. Ja no \u00e9s una q\u00fcesti\u00f3 d&#8217;ideologia sin\u00f3 de dec\u00f2rum professional. Si a un pa\u00eds normal hi hagu\u00e9s algun diari que don\u00e0s reiteradament la categoria de not\u00edcia (amb una p\u00e0gina sencera) al fet que qualsevol boig digu\u00e9s animalades, com que l&#8217;angl\u00e8s deriva del rus o que les papallones s\u00f3n mam\u00edfers, rebria suport de cap instituci\u00f3 en forma de publicitat o altres? Com es repartiria, en cas afirmatiu, la vergonya entre els curts de gambals, el diari i els responsables de les institucions?<\/p>\n","protected":false},"excerpt":{"rendered":"<p>El problema no \u00e9s que tres o quatre individus sense el m\u00e9s m\u00ednim sentit del r\u00edd\u00edcul, o simplement que &#8220;no hi s\u00f3n tots&#8221;, facin el pallasso i muntin una &#8220;Academi de sa llengo bal\u00e9\u00e0&#8221; i facin una gram\u00e0tica. El problema \u00e9s que hi pugui haver un diari que en faci not\u00edcia i els dediqui una [&hellip;]<\/p>\n","protected":false},"author":1,"featured_media":0,"comment_status":"open","ping_status":"closed","sticky":false,"template":"","format":"standard","meta":{"_mi_skip_tracking":false,"_monsterinsights_sitenote_active":false,"_monsterinsights_sitenote_note":"","_monsterinsights_sitenote_category":0,"_s2mail":"","footnotes":""},"categories":[3],"tags":[],"class_list":["post-125","post","type-post","status-publish","format-standard","hentry","category-llengua"],"jetpack_featured_media_url":"","_links":{"self":[{"href":"https:\/\/bibiloni.cat\/blog\/wp-json\/wp\/v2\/posts\/125","targetHints":{"allow":["GET"]}}],"collection":[{"href":"https:\/\/bibiloni.cat\/blog\/wp-json\/wp\/v2\/posts"}],"about":[{"href":"https:\/\/bibiloni.cat\/blog\/wp-json\/wp\/v2\/types\/post"}],"author":[{"embeddable":true,"href":"https:\/\/bibiloni.cat\/blog\/wp-json\/wp\/v2\/users\/1"}],"replies":[{"embeddable":true,"href":"https:\/\/bibiloni.cat\/blog\/wp-json\/wp\/v2\/comments?post=125"}],"version-history":[{"count":1,"href":"https:\/\/bibiloni.cat\/blog\/wp-json\/wp\/v2\/posts\/125\/revisions"}],"predecessor-version":[{"id":689,"href":"https:\/\/bibiloni.cat\/blog\/wp-json\/wp\/v2\/posts\/125\/revisions\/689"}],"wp:attachment":[{"href":"https:\/\/bibiloni.cat\/blog\/wp-json\/wp\/v2\/media?parent=125"}],"wp:term":[{"taxonomy":"category","embeddable":true,"href":"https:\/\/bibiloni.cat\/blog\/wp-json\/wp\/v2\/categories?post=125"},{"taxonomy":"post_tag","embeddable":true,"href":"https:\/\/bibiloni.cat\/blog\/wp-json\/wp\/v2\/tags?post=125"}],"curies":[{"name":"wp","href":"https:\/\/api.w.org\/{rel}","templated":true}]}}