{"id":118,"date":"2005-11-24T19:29:09","date_gmt":"2005-11-24T17:29:09","guid":{"rendered":"http:\/\/bibiloni.net\/wordpress\/?p=118"},"modified":"2008-10-11T22:21:00","modified_gmt":"2008-10-11T21:21:00","slug":"signes-didentificacio","status":"publish","type":"post","link":"https:\/\/bibiloni.cat\/blog\/signes-didentificacio\/","title":{"rendered":"Signes d&#8217;identificaci\u00f3"},"content":{"rendered":"<p><img loading=\"lazy\" decoding=\"async\" src=\"http:\/\/www.bibiloni.net\/blog\/imatges\/paniagua.jpg\" border=\"0\" alt=\"\" hspace=\"12\" vspace=\"10\" width=\"170\" height=\"225\" align=\"left\" \/>Avui a Roma s&#8217;ha escenificat un cop m\u00e9s una de les paradoxes m\u00e9s impactants que es posen per davant els nostres ulls: el m\u00e9s declarat enemic i m\u00e0xim esclafador de les aspiracions de Catalunya \u00e9s precisament l&#8217;Estat que diu que \u00e9s el nostre, com a m\u00ednim el que ens cobra els imposts. El lleteret \u2013aix\u00ed diuen en el meu poble als qui van per la vida creient-se superiors als altres\u2013 del president de la federaci\u00f3 espanyola de patinatge ha mostrat xulescament el passaport que els catalans duen damunt, amb un gest de voler mostrar qui els mana i domina. No ha dit, per\u00f2, d&#8217;on ve aquest passaport en el cas dels catalans; no ha dit que ve de l&#8217;ocupaci\u00f3 militar de 1707-1715 que pass\u00e0 el pa\u00eds a sang i foc. El que em sap greu \u00e9s que el president de la federaci\u00f3 catalana ha parlat en espanyol a l&#8217;acte d&#8217;avui. No hi havia cap altra llengua oficial en aquesta reuni\u00f3? La llengua \u00e9s un identificador nacional m\u00e9s potent encara que un document administratiu. No veu el senyor Basiana que parlant en espanyol donava la ra\u00f3 al lleteret del passaport? Si volem defensar davant el m\u00f3n unes aspiracions nacionals hem de comen\u00e7ar per identificar-nos correctament: si no es pot parlar en catal\u00e0, hi ha altres lleng\u00fces (ja que, de moment, no tenim passaport).<\/p>\n","protected":false},"excerpt":{"rendered":"<p>Avui a Roma s&#8217;ha escenificat un cop m\u00e9s una de les paradoxes m\u00e9s impactants que es posen per davant els nostres ulls: el m\u00e9s declarat enemic i m\u00e0xim esclafador de les aspiracions de Catalunya \u00e9s precisament l&#8217;Estat que diu que \u00e9s el nostre, com a m\u00ednim el que ens cobra els imposts. El lleteret \u2013aix\u00ed [&hellip;]<\/p>\n","protected":false},"author":1,"featured_media":0,"comment_status":"open","ping_status":"closed","sticky":false,"template":"","format":"standard","meta":{"_mi_skip_tracking":false,"_monsterinsights_sitenote_active":false,"_monsterinsights_sitenote_note":"","_monsterinsights_sitenote_category":0,"_s2mail":"","footnotes":""},"categories":[2],"tags":[],"class_list":["post-118","post","type-post","status-publish","format-standard","hentry","category-pais"],"jetpack_featured_media_url":"","_links":{"self":[{"href":"https:\/\/bibiloni.cat\/blog\/wp-json\/wp\/v2\/posts\/118","targetHints":{"allow":["GET"]}}],"collection":[{"href":"https:\/\/bibiloni.cat\/blog\/wp-json\/wp\/v2\/posts"}],"about":[{"href":"https:\/\/bibiloni.cat\/blog\/wp-json\/wp\/v2\/types\/post"}],"author":[{"embeddable":true,"href":"https:\/\/bibiloni.cat\/blog\/wp-json\/wp\/v2\/users\/1"}],"replies":[{"embeddable":true,"href":"https:\/\/bibiloni.cat\/blog\/wp-json\/wp\/v2\/comments?post=118"}],"version-history":[{"count":2,"href":"https:\/\/bibiloni.cat\/blog\/wp-json\/wp\/v2\/posts\/118\/revisions"}],"predecessor-version":[{"id":695,"href":"https:\/\/bibiloni.cat\/blog\/wp-json\/wp\/v2\/posts\/118\/revisions\/695"}],"wp:attachment":[{"href":"https:\/\/bibiloni.cat\/blog\/wp-json\/wp\/v2\/media?parent=118"}],"wp:term":[{"taxonomy":"category","embeddable":true,"href":"https:\/\/bibiloni.cat\/blog\/wp-json\/wp\/v2\/categories?post=118"},{"taxonomy":"post_tag","embeddable":true,"href":"https:\/\/bibiloni.cat\/blog\/wp-json\/wp\/v2\/tags?post=118"}],"curies":[{"name":"wp","href":"https:\/\/api.w.org\/{rel}","templated":true}]}}